{"id":3925,"date":"2021-01-27T14:38:24","date_gmt":"2021-01-27T13:38:24","guid":{"rendered":"https:\/\/us.edu.pl\/instytut\/inoz\/?p=3925"},"modified":"2021-03-15T11:59:48","modified_gmt":"2021-03-15T10:59:48","slug":"czego-na-temat-lasow-w-beskidzie-slaskiem-nie-mowia-archiwalne-mapy","status":"publish","type":"post","link":"https:\/\/us.edu.pl\/instytut\/inoz\/2021\/01\/27\/czego-na-temat-lasow-w-beskidzie-slaskiem-nie-mowia-archiwalne-mapy\/","title":{"rendered":"CZEGO NA TEMAT LAS\u00d3W W BESKIDZIE \u015aL\u0104SKIM NIE M\u00d3WI\u0104 ARCHIWALNE MAPY?"},"content":{"rendered":"<p>[vc_row][vc_column width=&#8221;1\/2&#8243;]\r\n                <div class=\"text-modules\">\r\n                    <div class=\"container\">\r\n                        \r\n                        <div class=\"text-modules__content\"><p>Wykorzystuj\u0105c archiwalne mapy do analizy zmian ekosystem\u00f3w le\u015bnych pod wp\u0142ywem dzia\u0142alno\u015bci cz\u0142owieka, cz\u0119sto okre\u015bli\u0107 mo\u017cna jedynie zmiany zasi\u0119gu las\u00f3w. Nie jest to jednak wystarczaj\u0105ce, aby oceni\u0107 stopie\u0144 ich przekszta\u0142cenia przez cz\u0142owieka.<\/p>\n<p>W artykule, kt\u00f3ry ukaza\u0142 si\u0119 w czasopi\u015bmie \u201eResources\u201d, dr Micha\u0142 Sobala i prof. dr hab. Oimahmad Rahmonov pokazuj\u0105 na podstawie bada\u0144 wsp\u00f3\u0142czesnych siedlisk le\u015bnych, \u017ce wp\u0142yw historycznej gospodarki le\u015bnej na ekosystemy le\u015bne w okolicach Skrzycznego i Magurki Radziechowskiej (Beskid \u015al\u0105ski) by\u0142 wi\u0119kszy ni\u017c wskazuj\u0105 na to archiwalne mapy. Dawna gospodarka le\u015bna przyczyni\u0142a si\u0119 do dominacji \u015bwierka pospolitego w drzewostanie, siedliska naturalne zajmuj\u0105 obecnie jedynie 28% badanego obszaru, a siedliska przekszta\u0142cone antropogenicznie \u2013 ponad 50%. Ponadto w ci\u0105gu ostatnich lat na powierzchni prawie 40% badanego obszaru zaobserwowano zamieranie las\u00f3w \u015bwierkowych.<\/p>\n<p>Sobala, M.; Rahmonov, O. The Human Impact on Changes in the Forest Range of the Silesian Beskids (Western Carpathians). Resources 2020, 9, 141. <a href=\"https:\/\/doi.org\/10.3390\/resources9120141\">https:\/\/doi.org\/10.3390\/resources9120141<\/a><\/p>\n<\/div>\r\n                    <\/div>\r\n                <\/div>[\/vc_column][vc_column width=&#8221;1\/2&#8243;][vc_single_image image=&#8221;3926&#8243; img_size=&#8221;full&#8221; add_caption=&#8221;yes&#8221;][\/vc_column][\/vc_row]<\/p>","protected":false},"excerpt":{"rendered":"<p>[vc_row][vc_column width=&#8221;1\/2&#8243;][\/vc_column][vc_column width=&#8221;1\/2&#8243;][vc_single_image image=&#8221;3926&#8243; img_size=&#8221;full&#8221; add_caption=&#8221;yes&#8221;][\/vc_column][\/vc_row] [&#8230;]<\/p>\n<p><a class=\"btn btn-secondary understrap-read-more-link\" href=\"https:\/\/us.edu.pl\/instytut\/inoz\/2021\/01\/27\/czego-na-temat-lasow-w-beskidzie-slaskiem-nie-mowia-archiwalne-mapy\/\">Read More&#8230;<\/a><\/p>\n","protected":false},"author":115,"featured_media":3927,"comment_status":"open","ping_status":"open","sticky":false,"template":"","format":"standard","meta":{"_expiration-date-status":"saved","_expiration-date":0,"_expiration-date-type":"","_expiration-date-categories":[],"_expiration-date-options":[]},"categories":[31,8],"tags":[],"acf":[],"_links":{"self":[{"href":"https:\/\/us.edu.pl\/instytut\/inoz\/wp-json\/wp\/v2\/posts\/3925"}],"collection":[{"href":"https:\/\/us.edu.pl\/instytut\/inoz\/wp-json\/wp\/v2\/posts"}],"about":[{"href":"https:\/\/us.edu.pl\/instytut\/inoz\/wp-json\/wp\/v2\/types\/post"}],"author":[{"embeddable":true,"href":"https:\/\/us.edu.pl\/instytut\/inoz\/wp-json\/wp\/v2\/users\/115"}],"replies":[{"embeddable":true,"href":"https:\/\/us.edu.pl\/instytut\/inoz\/wp-json\/wp\/v2\/comments?post=3925"}],"version-history":[{"count":5,"href":"https:\/\/us.edu.pl\/instytut\/inoz\/wp-json\/wp\/v2\/posts\/3925\/revisions"}],"predecessor-version":[{"id":3930,"href":"https:\/\/us.edu.pl\/instytut\/inoz\/wp-json\/wp\/v2\/posts\/3925\/revisions\/3930"}],"wp:featuredmedia":[{"embeddable":true,"href":"https:\/\/us.edu.pl\/instytut\/inoz\/wp-json\/wp\/v2\/media\/3927"}],"wp:attachment":[{"href":"https:\/\/us.edu.pl\/instytut\/inoz\/wp-json\/wp\/v2\/media?parent=3925"}],"wp:term":[{"taxonomy":"category","embeddable":true,"href":"https:\/\/us.edu.pl\/instytut\/inoz\/wp-json\/wp\/v2\/categories?post=3925"},{"taxonomy":"post_tag","embeddable":true,"href":"https:\/\/us.edu.pl\/instytut\/inoz\/wp-json\/wp\/v2\/tags?post=3925"}],"curies":[{"name":"wp","href":"https:\/\/api.w.org\/{rel}","templated":true}]}}