{"id":4392,"date":"2021-09-13T13:40:41","date_gmt":"2021-09-13T11:40:41","guid":{"rendered":"https:\/\/us.edu.pl\/instytut\/inoz\/?p=4392"},"modified":"2021-09-14T08:54:23","modified_gmt":"2021-09-14T06:54:23","slug":"czasowo-przestrzenna-charakterystyka-pozaru-zwalowisk-odpadow-po-eksploatacji-wegla-kamiennego","status":"publish","type":"post","link":"https:\/\/us.edu.pl\/instytut\/inoz\/2021\/09\/13\/czasowo-przestrzenna-charakterystyka-pozaru-zwalowisk-odpadow-po-eksploatacji-wegla-kamiennego\/","title":{"rendered":"23.09.2021 &#8211; Czasowo-przestrzenna charakterystyka po\u017caru zwa\u0142owisk odpad\u00f3w  po eksploatacji w\u0119gla kamiennego"},"content":{"rendered":"<p>[vc_row][vc_column width=&#8221;1\/6&#8243;][\/vc_column][vc_column width=&#8221;4\/6&#8243;][vc_column_text]<\/p>\n<p style=\"text-align: right;\">Sosnowiec, 8 wrze\u015bnia 2021 r.<\/p>\n<p>Zgodnie z \u00a7 7 ust. 3 rozporz\u0105dzenia Ministra Nauki i Szkolnictwa Wy\u017cszego z dnia 19 stycznia 2018 r. w sprawie szczeg\u00f3\u0142owego trybu i warunk\u00f3w przeprowadzania czynno\u015bci w przewodzie doktorskim, w post\u0119powaniu habilitacyjnym oraz w post\u0119powaniu o nadanie tytu\u0142u profesora (Dz. U. z 2018 r. poz. 261) w zwi\u0105zku z art. 179 ust. 2 ustawy z dnia 3 lipca 2018 r. Przepisy wprowadzaj\u0105ce ustaw\u0119 \u2013 Prawo o szkolnictwie wy\u017cszym i nauce (Dz. U. z 2018 r., poz. 1669) uprzejmie informuj\u0119, \u017ce<\/p>\n<p>&nbsp;<\/p>\n<p style=\"text-align: center;\"><span style=\"font-size: 12pt;\"><strong>PUBLICZNA OBRONA ROZPRAWY DOKTORSKIEJ<\/strong><\/span><\/p>\n<p style=\"text-align: center;\"><span style=\"font-size: 12pt;\"><strong>mgr Anny Abramowicz<\/strong><\/span><\/p>\n<p style=\"text-align: center;\">odb\u0119dzie si\u0119 w dniu <strong>23.09.2021 <\/strong>r. (czwartek) o godz. <strong>12.00<\/strong><strong>,<br \/>\nw Mi\u0119dzywydzia\u0142owej Auli Uniwersytetu \u015al\u0105skiego, w Sosnowcu, ul. B\u0119dzi\u0144ska 60<\/strong><\/p>\n<p style=\"text-align: center;\"><em>temat rozprawy:<\/em><\/p>\n<p style=\"text-align: center;\"><span style=\"font-size: 12pt;\"><strong>Czasowo-przestrzenna charakterystyka po\u017caru zwa\u0142owisk odpad\u00f3w po eksploatacji w\u0119gla kamiennego<\/strong><\/span><\/p>\n<p>&nbsp;<\/p>\n<p><strong>Promotor<\/strong><strong>: <\/strong><br \/>\n<span style=\"font-size: 12pt;\"><strong>Dr hab. Justyna Ciesielczuk, prof. U\u015a (Uniwersytet \u015al\u0105ski, Katowice)<\/strong><\/span><\/p>\n<p><strong>Promotor pomocniczy:<\/strong><br \/>\n<span style=\"font-size: 12pt;\"><strong>Dr Ryszard Chybiorz<\/strong><\/span><\/p>\n<p>&nbsp;<\/p>\n<p><strong>Recenzenci: <\/strong><\/p>\n<p><span style=\"font-size: 12pt;\"><strong>Prof. dr hab. Tadeusz Magiera (Instytut Podstaw In\u017cynierii \u015arodowiska PAN, Zabrze)<\/strong><\/span><br \/>\nRecenzja: <a href=\"http:\/\/bip.us.edu.pl\/sites\/bip.us.edu.pl\/files\/2_recenzja_a._abramowicz_0.pdf\" class=\"mtli_attachment mtli_pdf\" data-mtli=\"mtli_filesize36,44kB\">RECENZJA I<\/a><\/p>\n<p><span style=\"font-size: 12pt;\"><strong>Dr hab. in\u017c. Dariusz Wi\u0119c\u0142aw, prof. AGH (Akademia G\u00f3rniczo-Hutnicza, Krak\u00f3w)<\/strong><\/span><br \/>\nRecenzja: <a href=\"http:\/\/bip.us.edu.pl\/sites\/bip.us.edu.pl\/files\/1_recenzja_a._abramowicz_0.pdf\" class=\"mtli_attachment mtli_pdf\" data-mtli=\"mtli_filesize36,44kB\">RECENZJA II<\/a><\/p>\n<p><strong>Streszczenie rozprawy<\/strong><strong>:<\/strong><br \/>\n<a href=\"http:\/\/bip.us.edu.pl\/sites\/bip.us.edu.pl\/files\/streszczenie_a._abramowicz.pdf\" class=\"mtli_attachment mtli_pdf\" data-mtli=\"mtli_filesize36,44kB\">STRESZCZENIE<\/a><\/p>\n<p style=\"text-align: left;\">Praca do wgl\u0105du w Oddziale Specjalistycznym Biblioteki Uniwersytetu \u015al\u0105skiego,\u00a0 Bibliotece Nauk o Ziemi w Sosnowcu, ul. B\u0119dzi\u0144ska 60.<\/p>\n<p>[\/vc_column_text][\/vc_column][vc_column width=&#8221;1\/6&#8243;][\/vc_column][\/vc_row]<\/p>\n<style type=\"text\/css\">a[data-mtli~=\"mtli_filesize36,44kB\"]:after {content:\" (36,44 kB)\"}<\/style>","protected":false},"excerpt":{"rendered":"<p>[vc_row][vc_column width=&#8221;1\/6&#8243;][\/vc_column][vc_column width=&#8221;4\/6&#8243;][vc_column_text] Sosnowiec, 8 wrze\u015bnia 2021 r. Zgodnie z \u00a7 7 ust. 3 rozporz\u0105dzenia Ministra Nauki i Szkolnictwa Wy\u017cszego z dnia 19 stycznia 2018 r. w sprawie szczeg\u00f3\u0142owego trybu i warunk\u00f3w przeprowadzania czynno\u015bci w przewodzie doktorskim, w post\u0119powaniu habilitacyjnym oraz w post\u0119powaniu o nadanie tytu\u0142u profesora (Dz. U. z 2018 r. poz. 261) w [&#8230;]<\/p>\n<p><a class=\"btn btn-secondary understrap-read-more-link\" href=\"https:\/\/us.edu.pl\/instytut\/inoz\/2021\/09\/13\/czasowo-przestrzenna-charakterystyka-pozaru-zwalowisk-odpadow-po-eksploatacji-wegla-kamiennego\/\">Read More&#8230;<\/a><\/p>\n","protected":false},"author":192,"featured_media":4424,"comment_status":"open","ping_status":"open","sticky":false,"template":"","format":"standard","meta":{"_expiration-date-status":"saved","_expiration-date":0,"_expiration-date-type":"","_expiration-date-categories":[],"_expiration-date-options":[]},"categories":[32],"tags":[],"acf":[],"_links":{"self":[{"href":"https:\/\/us.edu.pl\/instytut\/inoz\/wp-json\/wp\/v2\/posts\/4392"}],"collection":[{"href":"https:\/\/us.edu.pl\/instytut\/inoz\/wp-json\/wp\/v2\/posts"}],"about":[{"href":"https:\/\/us.edu.pl\/instytut\/inoz\/wp-json\/wp\/v2\/types\/post"}],"author":[{"embeddable":true,"href":"https:\/\/us.edu.pl\/instytut\/inoz\/wp-json\/wp\/v2\/users\/192"}],"replies":[{"embeddable":true,"href":"https:\/\/us.edu.pl\/instytut\/inoz\/wp-json\/wp\/v2\/comments?post=4392"}],"version-history":[{"count":20,"href":"https:\/\/us.edu.pl\/instytut\/inoz\/wp-json\/wp\/v2\/posts\/4392\/revisions"}],"predecessor-version":[{"id":4429,"href":"https:\/\/us.edu.pl\/instytut\/inoz\/wp-json\/wp\/v2\/posts\/4392\/revisions\/4429"}],"wp:featuredmedia":[{"embeddable":true,"href":"https:\/\/us.edu.pl\/instytut\/inoz\/wp-json\/wp\/v2\/media\/4424"}],"wp:attachment":[{"href":"https:\/\/us.edu.pl\/instytut\/inoz\/wp-json\/wp\/v2\/media?parent=4392"}],"wp:term":[{"taxonomy":"category","embeddable":true,"href":"https:\/\/us.edu.pl\/instytut\/inoz\/wp-json\/wp\/v2\/categories?post=4392"},{"taxonomy":"post_tag","embeddable":true,"href":"https:\/\/us.edu.pl\/instytut\/inoz\/wp-json\/wp\/v2\/tags?post=4392"}],"curies":[{"name":"wp","href":"https:\/\/api.w.org\/{rel}","templated":true}]}}