{"id":4440,"date":"2021-09-21T09:16:08","date_gmt":"2021-09-21T07:16:08","guid":{"rendered":"https:\/\/us.edu.pl\/instytut\/inoz\/?p=4440"},"modified":"2021-09-21T09:24:05","modified_gmt":"2021-09-21T07:24:05","slug":"nowa-publikacja-pracownikow-wydzialu-w-wydawnictwie-springer","status":"publish","type":"post","link":"https:\/\/us.edu.pl\/instytut\/inoz\/2021\/09\/21\/nowa-publikacja-pracownikow-wydzialu-w-wydawnictwie-springer\/","title":{"rendered":"Nowa publikacja pracownik\u00f3w Wydzia\u0142u w wydawnictwie Springer"},"content":{"rendered":"<p>[vc_row][vc_column width=&#8221;2\/3&#8243;][vc_column_text]<\/p>\n<p style=\"text-align: justify;\">Nak\u0142adem wydawnictwa Springer Nature Switzerland AG w serii Springer Climate ukaza\u0142a si\u0119 w czerwcu 2021 roku monografia <strong>\u201eClimate Change in Poland \u2013 Past, Present, Future\u201d. <\/strong><\/p>\n<p style=\"text-align: justify;\">Ksi\u0105\u017cka powsta\u0142a pod redakcj\u0105 dr hab. Ma\u0142gorzaty Falarz, prof. U\u015a, z Wydzia\u0142u Nauk Przyrodniczych i jest wsp\u00f3lnym dzie\u0142em \u015brodowiska polskich klimatolog\u00f3w. W jej powstanie zaanga\u017cowa\u0142o si\u0119 36 naukowc\u00f3w \u2013 specjalist\u00f3w z r\u00f3\u017cnych dziedzin klimatologii, z wielu centr\u00f3w naukowych w Polsce, w tym o\u015bmiu uniwersytet\u00f3w, dw\u00f3ch uniwersytet\u00f3w technicznych, Polskiej Akademii Nauk oraz Instytutu Meteorologii i Gospodarki Wodnej \u2013 Pa\u0144stwowego Instytutu Badawczego. Ksi\u0105\u017cka jest obszernym dzie\u0142em monograficznym. Sk\u0142adaj\u0105 si\u0119 na ni\u0105 trzy g\u0142\u00f3wne cz\u0119\u015bci: pierwsza dotyczy wynik\u00f3w bada\u0144 zmian klimatu w Polsce w okresie przedinstrumentalnym w ostatnim tysi\u0105cleciu, druga przedstawia wieloletnie zmiany i zmienno\u015b\u0107 36 charakterystyk klimatycznych dla 14 element\u00f3w klimatu, wska\u017anik\u00f3w cyrkulacyjnych i bioklimatycznych, zjawisk meteorologicznych i typ\u00f3w pogody si\u0119gaj\u0105c do najstarszych zapisk\u00f3w meteorologicznych z ko\u0144ca XVIII wieku. Dope\u0142nieniem monografii jest jej trzecia cz\u0119\u015b\u0107, przedstawiaj\u0105ca scenariusze zmian klimatu w Polsce do 2100 roku z uwzgl\u0119dnieniem wska\u017anik\u00f3w dotycz\u0105cych zapotrzebowania energetycznego i rolnictwa. Co najmniej 80% monografii stanowi\u0105 nowe, niepublikowane dot\u0105d badania, wykonane specjalnie dla cel\u00f3w tej ksi\u0105\u017cki.<\/p>\n<p style=\"text-align: justify;\">Wsp\u00f3\u0142autorami monografii jest siedmioro pracownik\u00f3w Wydzia\u0142u Nauk Przyrodniczych U\u015a:<\/p>\n<p style=\"text-align: justify;\">prof. dr hab. Tadeusz Nied\u017awied\u017a,<br \/>\ndr hab. Zuzanna Bielec-B\u0105kowska, prof. U\u015a,<br \/>\ndr hab. Ma\u0142gorzata Falarz, prof. U\u015a,<br \/>\ndr hab. Ewa \u0141upikasza, prof. U\u015a,<br \/>\ndr hab. Magdalena Opa\u0142a-Owczarek, prof. U\u015a,<br \/>\ndr \u0141ukasz Ma\u0142arzewski,<br \/>\nmgr Tomasz Budzik.<\/p>\n<p style=\"text-align: justify;\">Fragment recenzji:<\/p>\n<p style=\"text-align: justify;\"><em>\u00a0I have now read the book on climate change in Poland. [\u2026] I learned a lot about the climate of that part of the world, and it provides a sound basis for thinking about policy settings to avoid the negativities and risks of possible future climate trajectories. As the first detailed analysis of its kind for that part of Europe it has much to offer for surrounding countries and across into Ukraine and the Baltic States. [\u2026] I congratulate the authors not only for their analysis but also for co-ordinating it into a very coherent book. Many edited books fail to achieve the latter.<\/em><\/p>\n<p style=\"text-align: justify;\"><em>\u00a0<\/em>Falarz M. (ed.) (2021) Climate Change in Poland &#8211; Past, Present, Future. Springer Nature Switzerland AG, Springer Climate, Cham, pp. 581, <a href=\"https:\/\/doi.org\/10.1007\/978-3-030-70328-8\">https:\/\/doi.org\/10.1007\/978-3-030-70328-8<\/a> ISBN 978-3-030-70327-1<\/p>\n<p>[\/vc_column_text][\/vc_column][vc_column width=&#8221;1\/3&#8243;][vc_single_image image=&#8221;4441&#8243; img_size=&#8221;full&#8221; alignment=&#8221;center&#8221;][\/vc_column][\/vc_row]<\/p>","protected":false},"excerpt":{"rendered":"<p>[vc_row][vc_column width=&#8221;2\/3&#8243;][vc_column_text] Nak\u0142adem wydawnictwa Springer Nature Switzerland AG w serii Springer Climate ukaza\u0142a si\u0119 w czerwcu 2021 roku monografia \u201eClimate Change in Poland \u2013 Past, Present, Future\u201d. Ksi\u0105\u017cka powsta\u0142a pod redakcj\u0105 dr hab. Ma\u0142gorzaty Falarz, prof. U\u015a, z Wydzia\u0142u Nauk Przyrodniczych i jest wsp\u00f3lnym dzie\u0142em \u015brodowiska polskich klimatolog\u00f3w. W jej powstanie zaanga\u017cowa\u0142o si\u0119 36 naukowc\u00f3w [&#8230;]<\/p>\n<p><a class=\"btn btn-secondary understrap-read-more-link\" href=\"https:\/\/us.edu.pl\/instytut\/inoz\/2021\/09\/21\/nowa-publikacja-pracownikow-wydzialu-w-wydawnictwie-springer\/\">Read More&#8230;<\/a><\/p>\n","protected":false},"author":192,"featured_media":4441,"comment_status":"open","ping_status":"open","sticky":false,"template":"","format":"standard","meta":{"_expiration-date-status":"saved","_expiration-date":0,"_expiration-date-type":"","_expiration-date-categories":[],"_expiration-date-options":[]},"categories":[31,8],"tags":[],"acf":[],"_links":{"self":[{"href":"https:\/\/us.edu.pl\/instytut\/inoz\/wp-json\/wp\/v2\/posts\/4440"}],"collection":[{"href":"https:\/\/us.edu.pl\/instytut\/inoz\/wp-json\/wp\/v2\/posts"}],"about":[{"href":"https:\/\/us.edu.pl\/instytut\/inoz\/wp-json\/wp\/v2\/types\/post"}],"author":[{"embeddable":true,"href":"https:\/\/us.edu.pl\/instytut\/inoz\/wp-json\/wp\/v2\/users\/192"}],"replies":[{"embeddable":true,"href":"https:\/\/us.edu.pl\/instytut\/inoz\/wp-json\/wp\/v2\/comments?post=4440"}],"version-history":[{"count":5,"href":"https:\/\/us.edu.pl\/instytut\/inoz\/wp-json\/wp\/v2\/posts\/4440\/revisions"}],"predecessor-version":[{"id":4446,"href":"https:\/\/us.edu.pl\/instytut\/inoz\/wp-json\/wp\/v2\/posts\/4440\/revisions\/4446"}],"wp:featuredmedia":[{"embeddable":true,"href":"https:\/\/us.edu.pl\/instytut\/inoz\/wp-json\/wp\/v2\/media\/4441"}],"wp:attachment":[{"href":"https:\/\/us.edu.pl\/instytut\/inoz\/wp-json\/wp\/v2\/media?parent=4440"}],"wp:term":[{"taxonomy":"category","embeddable":true,"href":"https:\/\/us.edu.pl\/instytut\/inoz\/wp-json\/wp\/v2\/categories?post=4440"},{"taxonomy":"post_tag","embeddable":true,"href":"https:\/\/us.edu.pl\/instytut\/inoz\/wp-json\/wp\/v2\/tags?post=4440"}],"curies":[{"name":"wp","href":"https:\/\/api.w.org\/{rel}","templated":true}]}}