{"id":5277,"date":"2023-05-10T10:30:31","date_gmt":"2023-05-10T08:30:31","guid":{"rendered":"https:\/\/us.edu.pl\/instytut\/inoz\/?p=5277"},"modified":"2023-05-10T10:37:09","modified_gmt":"2023-05-10T08:37:09","slug":"zmienne-warunki-natlenienia-w-trakcie-srodkowoturnejskiego-zdarzenia-beztlenowego","status":"publish","type":"post","link":"https:\/\/us.edu.pl\/instytut\/inoz\/2023\/05\/10\/zmienne-warunki-natlenienia-w-trakcie-srodkowoturnejskiego-zdarzenia-beztlenowego\/","title":{"rendered":"Zmienne warunki natlenienia w trakcie \u015brodkowoturnejskiego zdarzenia beztlenowego"},"content":{"rendered":"<p>[vc_row][vc_column width=&#8221;2\/3&#8243;][vc_column_text]W majowym numerze jednego z najstarszych czasopism geologicznych Geological Magazine ukaza\u0142 si\u0119 artyku\u0142, autorstwa badaczy Instytutu Nauk o Ziemi Uniwersytetu \u015al\u0105skiego w Katowicach Micha\u0142a Rakoci\u0144skiego, Darii Ksi\u0105\u017cak, Agnieszki Pisarzowskiej, Micha\u0142a Zatonia oraz badacza z Universit\u00e9 Toulouse III Paul Sabatier we Francji Markusa Aretza, dotycz\u0105cy zapisu \u015brodkowoturnejskiego (dolny karbon) zdarzenia beztlenowego w Montagne Noire w po\u0142udniowej Francji. Zdarzenie sprzed oko\u0142o 355 milion\u00f3w lat temu dotkn\u0119\u0142o liczne grupy morskich organizm\u00f3w, poniewa\u017c w skali globalnej pojawi\u0142y si\u0119 warunki beztlenowe w morzach i oceanach. Jednak jak wykazali badacze w oparciu o szczeg\u00f3\u0142owe analizy geochemiczne oraz petrograficzne osady tworz\u0105ce si\u0119 w dzisiejszym obszarze po\u0142udniowej Francji w trakcie tego zdarzenia powsta\u0142y w lepiej natlenionym \u015brodowisku ni\u017c w innych obszarach wcze\u015bniej szczeg\u00f3\u0142owo zbadanych, to jest na polskim szelfie Laurussii (G\u00f3ry \u015awi\u0119tokrzyskie), czy obszarze Paleotetydy (Alpy Karnickie, Austria). Podwy\u017cszone anomalie rt\u0119ciowe w profilach francuskich potwierdzaj\u0105 wzmo\u017con\u0105 podmorsk\u0105 aktywno\u015b\u0107 wulkaniczn\u0105 w tym czasie. Jak wykazano procesy wulkaniczne doprowadzi\u0142y do zmian klimatycznych, kt\u00f3re doprowadzi\u0142y do deglacjacji Gondwany, globalnej transgresji oraz rozwoju warunk\u00f3w beztlenowych w wielu basenach morskich w tym czasie. Jednak jak wykazano nie wsz\u0119dzie warunki beztlenowe w strefach pelagicznych wyst\u0119powa\u0142y z jednakow\u0105 intensywno\u015bci\u0105.<\/p>\n<p>Praca jest efektem grantu NCN OPUS realizowanego na Uniwersytecie \u015al\u0105skim w Katowicach (UMO-2014\/15\/B\/ST10\/03705) pt. \u015arodowiska depozycji podczas zdarzenia wczesny Alum (wczesny karbon) na po\u0142udniowym szelfie Laurussii w \u015bwietle zintegrowanych bada\u0144 geochemicznych<br \/>\ni paleoekologiczno-facjalnych, kierowanego przez Micha\u0142a Rakoci\u0144skiego (Instytut Nauk o Ziemi U\u015a).<\/p>\n<p>Rakoci\u0144ski, M., Ksi\u0105\u017cak, D., Pisarzowska, A., Zato\u0144, M., Aretz, M., 2023. Weak and intermittent anoxia during the mid-Tournaisian (Mississippian) anoxic event in the Montagne Noire, France. Geological Magazine 160(5), 831\u2013854.<\/p>\n<p><a href=\"https:\/\/doi.org\/10.1017\/S0016756822001297\">https:\/\/doi.org\/10.1017\/S0016756822001297<\/a>[\/vc_column_text][\/vc_column][vc_column width=&#8221;1\/3&#8243;][vc_single_image image=&#8221;5279&#8243; img_size=&#8221;full&#8221; add_caption=&#8221;yes&#8221; alignment=&#8221;center&#8221;][vc_single_image image=&#8221;5278&#8243; img_size=&#8221;full&#8221; add_caption=&#8221;yes&#8221; alignment=&#8221;center&#8221;][\/vc_column][\/vc_row]<\/p>","protected":false},"excerpt":{"rendered":"<p>[vc_row][vc_column width=&#8221;2\/3&#8243;][vc_column_text]W majowym numerze jednego z najstarszych czasopism geologicznych Geological Magazine ukaza\u0142 si\u0119 artyku\u0142, autorstwa badaczy Instytutu Nauk o Ziemi Uniwersytetu \u015al\u0105skiego w Katowicach Micha\u0142a Rakoci\u0144skiego, Darii Ksi\u0105\u017cak, Agnieszki Pisarzowskiej, Micha\u0142a Zatonia oraz badacza z Universit\u00e9 Toulouse III Paul Sabatier we Francji Markusa Aretza, dotycz\u0105cy zapisu \u015brodkowoturnejskiego (dolny karbon) zdarzenia beztlenowego w Montagne Noire w [&#8230;]<\/p>\n<p><a class=\"btn btn-secondary understrap-read-more-link\" href=\"https:\/\/us.edu.pl\/instytut\/inoz\/2023\/05\/10\/zmienne-warunki-natlenienia-w-trakcie-srodkowoturnejskiego-zdarzenia-beztlenowego\/\">Read More&#8230;<\/a><\/p>\n","protected":false},"author":192,"featured_media":5278,"comment_status":"open","ping_status":"open","sticky":false,"template":"","format":"standard","meta":{"_expiration-date-status":"","_expiration-date":0,"_expiration-date-type":"","_expiration-date-categories":[],"_expiration-date-options":[]},"categories":[31,8],"tags":[],"acf":[],"_links":{"self":[{"href":"https:\/\/us.edu.pl\/instytut\/inoz\/wp-json\/wp\/v2\/posts\/5277"}],"collection":[{"href":"https:\/\/us.edu.pl\/instytut\/inoz\/wp-json\/wp\/v2\/posts"}],"about":[{"href":"https:\/\/us.edu.pl\/instytut\/inoz\/wp-json\/wp\/v2\/types\/post"}],"author":[{"embeddable":true,"href":"https:\/\/us.edu.pl\/instytut\/inoz\/wp-json\/wp\/v2\/users\/192"}],"replies":[{"embeddable":true,"href":"https:\/\/us.edu.pl\/instytut\/inoz\/wp-json\/wp\/v2\/comments?post=5277"}],"version-history":[{"count":5,"href":"https:\/\/us.edu.pl\/instytut\/inoz\/wp-json\/wp\/v2\/posts\/5277\/revisions"}],"predecessor-version":[{"id":5284,"href":"https:\/\/us.edu.pl\/instytut\/inoz\/wp-json\/wp\/v2\/posts\/5277\/revisions\/5284"}],"wp:featuredmedia":[{"embeddable":true,"href":"https:\/\/us.edu.pl\/instytut\/inoz\/wp-json\/wp\/v2\/media\/5278"}],"wp:attachment":[{"href":"https:\/\/us.edu.pl\/instytut\/inoz\/wp-json\/wp\/v2\/media?parent=5277"}],"wp:term":[{"taxonomy":"category","embeddable":true,"href":"https:\/\/us.edu.pl\/instytut\/inoz\/wp-json\/wp\/v2\/categories?post=5277"},{"taxonomy":"post_tag","embeddable":true,"href":"https:\/\/us.edu.pl\/instytut\/inoz\/wp-json\/wp\/v2\/tags?post=5277"}],"curies":[{"name":"wp","href":"https:\/\/api.w.org\/{rel}","templated":true}]}}