{"id":2596,"date":"2020-07-10T11:37:02","date_gmt":"2020-07-10T09:37:02","guid":{"rendered":"https:\/\/us.edu.pl\/instytut\/inp\/?p=2596"},"modified":"2020-07-10T21:38:56","modified_gmt":"2020-07-10T19:38:56","slug":"dr-maciej-marmola-o-nowej-ksiazce","status":"publish","type":"post","link":"https:\/\/us.edu.pl\/instytut\/inp\/2020\/07\/10\/dr-maciej-marmola-o-nowej-ksiazce\/","title":{"rendered":"Dr Maciej Marmola o nowej ksi\u0105\u017cce"},"content":{"rendered":"<p>Dr Maciej Marmola opowiada o swojej ksi\u0105\u017cce &#8222;Nowe partie w systemach partyjnych pa\u0144stw Grupy Wyszehradzkiej&#8221;, kt\u00f3ra ukaza\u0142a si\u0119 pod koniec czerwca nak\u0142adem Wydawnictwa Adam Marsza\u0142ek (we wsp\u00f3\u0142pracy z Uniwersytetem \u015al\u0105skim w Katowicach).<\/p>\n<p><iframe loading=\"lazy\" title=\"Maciej Marmola - Nowe partie w systemach partyjnych pa\u0144stw Grupy Wyszehradzkiej\" width=\"640\" height=\"360\" src=\"https:\/\/www.youtube.com\/embed\/1sXRfGhrkyk?feature=oembed\" frameborder=\"0\" allow=\"accelerometer; autoplay; encrypted-media; gyroscope; picture-in-picture\" allowfullscreen><\/iframe><\/p>","protected":false},"excerpt":{"rendered":"<p>Dr Maciej Marmola opowiada o swojej ksi\u0105\u017cce &#8222;Nowe partie w systemach partyjnych pa\u0144stw Grupy Wyszehradzkiej&#8221;, kt\u00f3ra ukaza\u0142a si\u0119 pod koniec czerwca nak\u0142adem Wydawnictwa Adam Marsza\u0142ek (we wsp\u00f3\u0142pracy z Uniwersytetem \u015al\u0105skim w Katowicach). [&#8230;]<\/p>\n<p><a class=\"btn btn-secondary understrap-read-more-link\" href=\"https:\/\/us.edu.pl\/instytut\/inp\/2020\/07\/10\/dr-maciej-marmola-o-nowej-ksiazce\/\">Read More&#8230;<\/a><\/p>\n","protected":false},"author":132,"featured_media":2593,"comment_status":"open","ping_status":"open","sticky":false,"template":"","format":"standard","meta":{"_expiration-date-status":"saved","_expiration-date":0,"_expiration-date-type":"","_expiration-date-categories":[],"_expiration-date-options":[]},"categories":[11,8],"tags":[],"acf":[],"_links":{"self":[{"href":"https:\/\/us.edu.pl\/instytut\/inp\/wp-json\/wp\/v2\/posts\/2596"}],"collection":[{"href":"https:\/\/us.edu.pl\/instytut\/inp\/wp-json\/wp\/v2\/posts"}],"about":[{"href":"https:\/\/us.edu.pl\/instytut\/inp\/wp-json\/wp\/v2\/types\/post"}],"author":[{"embeddable":true,"href":"https:\/\/us.edu.pl\/instytut\/inp\/wp-json\/wp\/v2\/users\/132"}],"replies":[{"embeddable":true,"href":"https:\/\/us.edu.pl\/instytut\/inp\/wp-json\/wp\/v2\/comments?post=2596"}],"version-history":[{"count":1,"href":"https:\/\/us.edu.pl\/instytut\/inp\/wp-json\/wp\/v2\/posts\/2596\/revisions"}],"predecessor-version":[{"id":2597,"href":"https:\/\/us.edu.pl\/instytut\/inp\/wp-json\/wp\/v2\/posts\/2596\/revisions\/2597"}],"wp:featuredmedia":[{"embeddable":true,"href":"https:\/\/us.edu.pl\/instytut\/inp\/wp-json\/wp\/v2\/media\/2593"}],"wp:attachment":[{"href":"https:\/\/us.edu.pl\/instytut\/inp\/wp-json\/wp\/v2\/media?parent=2596"}],"wp:term":[{"taxonomy":"category","embeddable":true,"href":"https:\/\/us.edu.pl\/instytut\/inp\/wp-json\/wp\/v2\/categories?post=2596"},{"taxonomy":"post_tag","embeddable":true,"href":"https:\/\/us.edu.pl\/instytut\/inp\/wp-json\/wp\/v2\/tags?post=2596"}],"curies":[{"name":"wp","href":"https:\/\/api.w.org\/{rel}","templated":true}]}}