{"id":6272,"date":"2024-09-20T14:32:15","date_gmt":"2024-09-20T12:32:15","guid":{"rendered":"https:\/\/us.edu.pl\/instytut\/inp\/?p=6272"},"modified":"2025-01-06T14:44:18","modified_gmt":"2025-01-06T13:44:18","slug":"pracownicy-instytutu-na-6-ogolnopolskim-kongresie-politologii","status":"publish","type":"post","link":"https:\/\/us.edu.pl\/instytut\/inp\/2024\/09\/20\/pracownicy-instytutu-na-6-ogolnopolskim-kongresie-politologii\/","title":{"rendered":"Pracownicy Instytutu na 6. Og\u00f3lnopolskim Kongresie Politologii"},"content":{"rendered":"<p><\/p>\n<div class=\"xdj266r x11i5rnm xat24cr x1mh8g0r x1vvkbs x126k92a\">\n<div dir=\"auto\"><span style=\"font-size: 12pt;\">Grupa naszych pracownik\u00f3w uczestniczy\u0142a w 6. Og\u00f3lnopolskim Kongresie Politologii, kt\u00f3ry w dniach 18-20 wrze\u015bnia odbywa\u0142 si\u0119 w \u0141odzi.<\/p>\n<p><\/span><span style=\"font-size: 12pt;\">Wyst\u0105pienia naszych pracownik\u00f3w:<\/span><\/div>\n<\/div>\n<div class=\"x11i5rnm xat24cr x1mh8g0r x1vvkbs xtlvy1s x126k92a\">\n<div dir=\"auto\"><\/div>\n<ul>\n<li><span style=\"font-size: 12pt;\">Su\u0142tanat Omanu \u2013 polityka niezaanga\u017cowania i budowania pot\u0119gi \u2013 Vision 2040 (dr hab. Katarzyna Czornik, prof. U\u015a)<\/span><\/li>\n<li><span style=\"font-size: 12pt;\">\u015acie\u017cki alokacji polskiej pomocy: altruizm czy interesy? (dr Monika Szynol)<\/span><\/li>\n<li><span style=\"font-size: 12pt;\">Problem &#8222;samozatrucia&#8221; demokracji (dr Agnieszka Turo\u0144-Kowalska)<\/span><\/li>\n<li><span style=\"font-size: 12pt;\">Wsp\u00f3\u0142praca regionalna Polski w latach 2015-2023: czy uda\u0142o si\u0119 wzmocni\u0107 <\/span><span style=\"font-size: 12pt;\">podmiotowo\u015b\u0107 Europy \u015arodkowej? (dr hab. Tomasz Kubin, prof. U\u015a)<\/span><\/li>\n<li><span style=\"font-size: 12pt;\">Integracja interdyscyplinarna poprzez konkretyzacj\u0119. Przypadek teorii <\/span><span style=\"font-size: 12pt;\">racjonalnego g\u0142osowania (dr Mateusz Wajzer)<\/span><\/li>\n<li><span style=\"font-size: 12pt;\">W\u0142oskie systemy mieszane do parlamentu po 1992 roku (dr Ma\u0142gorzata Lorencka)<\/span><\/li>\n<li><span style=\"font-size: 12pt;\">Relacje patron-klient w formule patronatu dysfunkcyjnego i ich znaczenie geopolityczne \u2013 studium przypadku G\u00f3rskiego Karabachu (dr Agnieszka Miarka, prof. U\u015a)<\/span><\/li>\n<li><span style=\"font-size: 12pt;\">Metody moderowania poziomu proporcjonalno\u015bci reprezentacji sejmowej (prof. dr hab. Waldemar Wojtasik)<\/span><\/li>\n<li><span style=\"font-size: 12pt;\">Znaczenie stan\u00f3w nadzwyczajnych w praktyce ustrojowej W\u0119gier (dr hab. Anna Czy\u017c prof. U\u015a)<\/span><\/li>\n<li><span style=\"font-size: 12pt;\">Nauka jako przedmiot wierze\u0144 spiskowych (mgr Natalia Galica)<\/span><\/li>\n<\/ul>\n<\/div>\n<p><\/p>","protected":false},"excerpt":{"rendered":"<p>Grupa naszych pracownik\u00f3w uczestniczy\u0142a w 6. Og\u00f3lnopolskim Kongresie Politologii, kt\u00f3ry w dniach 18-20 wrze\u015bnia odbywa\u0142 si\u0119 w \u0141odzi. Wyst\u0105pienia naszych pracownik\u00f3w: Su\u0142tanat Omanu \u2013 polityka niezaanga\u017cowania i budowania pot\u0119gi \u2013 Vision 2040 (dr hab. Katarzyna Czornik, prof. U\u015a) \u015acie\u017cki alokacji polskiej pomocy: altruizm czy interesy? (dr Monika Szynol) Problem &#8222;samozatrucia&#8221; demokracji (dr Agnieszka Turo\u0144-Kowalska) Wsp\u00f3\u0142praca [&#8230;]<\/p>\n<p><a class=\"btn btn-secondary understrap-read-more-link\" href=\"https:\/\/us.edu.pl\/instytut\/inp\/2024\/09\/20\/pracownicy-instytutu-na-6-ogolnopolskim-kongresie-politologii\/\">Read More&#8230;<\/a><\/p>\n","protected":false},"author":7155,"featured_media":6273,"comment_status":"open","ping_status":"open","sticky":false,"template":"","format":"standard","meta":{"_expiration-date-status":"","_expiration-date":0,"_expiration-date-type":"","_expiration-date-categories":[],"_expiration-date-options":[]},"categories":[1,11,10,8,16],"tags":[],"acf":[],"_links":{"self":[{"href":"https:\/\/us.edu.pl\/instytut\/inp\/wp-json\/wp\/v2\/posts\/6272"}],"collection":[{"href":"https:\/\/us.edu.pl\/instytut\/inp\/wp-json\/wp\/v2\/posts"}],"about":[{"href":"https:\/\/us.edu.pl\/instytut\/inp\/wp-json\/wp\/v2\/types\/post"}],"author":[{"embeddable":true,"href":"https:\/\/us.edu.pl\/instytut\/inp\/wp-json\/wp\/v2\/users\/7155"}],"replies":[{"embeddable":true,"href":"https:\/\/us.edu.pl\/instytut\/inp\/wp-json\/wp\/v2\/comments?post=6272"}],"version-history":[{"count":4,"href":"https:\/\/us.edu.pl\/instytut\/inp\/wp-json\/wp\/v2\/posts\/6272\/revisions"}],"predecessor-version":[{"id":6287,"href":"https:\/\/us.edu.pl\/instytut\/inp\/wp-json\/wp\/v2\/posts\/6272\/revisions\/6287"}],"wp:featuredmedia":[{"embeddable":true,"href":"https:\/\/us.edu.pl\/instytut\/inp\/wp-json\/wp\/v2\/media\/6273"}],"wp:attachment":[{"href":"https:\/\/us.edu.pl\/instytut\/inp\/wp-json\/wp\/v2\/media?parent=6272"}],"wp:term":[{"taxonomy":"category","embeddable":true,"href":"https:\/\/us.edu.pl\/instytut\/inp\/wp-json\/wp\/v2\/categories?post=6272"},{"taxonomy":"post_tag","embeddable":true,"href":"https:\/\/us.edu.pl\/instytut\/inp\/wp-json\/wp\/v2\/tags?post=6272"}],"curies":[{"name":"wp","href":"https:\/\/api.w.org\/{rel}","templated":true}]}}