{"id":8195,"date":"2025-06-06T10:57:34","date_gmt":"2025-06-06T08:57:34","guid":{"rendered":"https:\/\/us.edu.pl\/instytut\/inp\/?p=8195"},"modified":"2025-06-06T10:57:34","modified_gmt":"2025-06-06T08:57:34","slug":"prof-k-czornik-na-seminarium-bliskowschodnim-uw","status":"publish","type":"post","link":"https:\/\/us.edu.pl\/instytut\/inp\/2025\/06\/06\/prof-k-czornik-na-seminarium-bliskowschodnim-uw\/","title":{"rendered":"Prof. K. Czornik na seminarium bliskowschodnim UW"},"content":{"rendered":"<p><\/p>\n<div class=\"xdj266r x14z9mp xat24cr x1lziwak x1vvkbs x126k92a\">\n<div dir=\"auto\"><span style=\"font-size: 12pt;\">4 czerwca 2025 roku dr hab. Katarzyna Czornik, prof. U\u015a &#8211; na zaproszenie w\u0142adz Uniwersytetu Warszawskiego <\/span><span style=\"font-size: 12pt;\"> &#8211; w ramach seminarium po\u015bwi\u0119conego problematyce bliskowschodniej wyg\u0142osi\u0142a dla spo\u0142eczno\u015bci akademickiej UW wyk\u0142ad pt. &#8222;Islam i Bliski Wsch\u00f3d na przestrzeni wiek\u00f3w: od hid\u017cry do tzw. Pa\u0144stwa Islamskiego&#8221;.<\/p>\n<p><\/span><\/div>\n<\/div>\n<div class=\"x14z9mp xat24cr x1lziwak x1vvkbs xtlvy1s x126k92a\">\n<div dir=\"auto\"><span style=\"font-size: 12pt;\">Organizatorem seminarium by\u0142a Katedra im. Tadeusza Mazowieckiego Wydzia\u0142u Nauk Politycznych i Studi\u00f3w Mi\u0119dzynarodowych UW.<\/span><\/div>\n<\/div>\n<p><\/p>","protected":false},"excerpt":{"rendered":"<p>4 czerwca 2025 roku dr hab. Katarzyna Czornik, prof. U\u015a &#8211; na zaproszenie w\u0142adz Uniwersytetu Warszawskiego &#8211; w ramach seminarium po\u015bwi\u0119conego problematyce bliskowschodniej wyg\u0142osi\u0142a dla spo\u0142eczno\u015bci akademickiej UW wyk\u0142ad pt. &#8222;Islam i Bliski Wsch\u00f3d na przestrzeni wiek\u00f3w: od hid\u017cry do tzw. Pa\u0144stwa Islamskiego&#8221;. Organizatorem seminarium by\u0142a Katedra im. Tadeusza Mazowieckiego Wydzia\u0142u Nauk Politycznych i Studi\u00f3w [&#8230;]<\/p>\n<p><a class=\"btn btn-secondary understrap-read-more-link\" href=\"https:\/\/us.edu.pl\/instytut\/inp\/2025\/06\/06\/prof-k-czornik-na-seminarium-bliskowschodnim-uw\/\">Read More&#8230;<\/a><\/p>\n","protected":false},"author":7155,"featured_media":8199,"comment_status":"open","ping_status":"open","sticky":false,"template":"","format":"standard","meta":{"_expiration-date-status":"","_expiration-date":0,"_expiration-date-type":"","_expiration-date-categories":[],"_expiration-date-options":[]},"categories":[1,11,8,16],"tags":[],"acf":[],"_links":{"self":[{"href":"https:\/\/us.edu.pl\/instytut\/inp\/wp-json\/wp\/v2\/posts\/8195"}],"collection":[{"href":"https:\/\/us.edu.pl\/instytut\/inp\/wp-json\/wp\/v2\/posts"}],"about":[{"href":"https:\/\/us.edu.pl\/instytut\/inp\/wp-json\/wp\/v2\/types\/post"}],"author":[{"embeddable":true,"href":"https:\/\/us.edu.pl\/instytut\/inp\/wp-json\/wp\/v2\/users\/7155"}],"replies":[{"embeddable":true,"href":"https:\/\/us.edu.pl\/instytut\/inp\/wp-json\/wp\/v2\/comments?post=8195"}],"version-history":[{"count":1,"href":"https:\/\/us.edu.pl\/instytut\/inp\/wp-json\/wp\/v2\/posts\/8195\/revisions"}],"predecessor-version":[{"id":8203,"href":"https:\/\/us.edu.pl\/instytut\/inp\/wp-json\/wp\/v2\/posts\/8195\/revisions\/8203"}],"wp:featuredmedia":[{"embeddable":true,"href":"https:\/\/us.edu.pl\/instytut\/inp\/wp-json\/wp\/v2\/media\/8199"}],"wp:attachment":[{"href":"https:\/\/us.edu.pl\/instytut\/inp\/wp-json\/wp\/v2\/media?parent=8195"}],"wp:term":[{"taxonomy":"category","embeddable":true,"href":"https:\/\/us.edu.pl\/instytut\/inp\/wp-json\/wp\/v2\/categories?post=8195"},{"taxonomy":"post_tag","embeddable":true,"href":"https:\/\/us.edu.pl\/instytut\/inp\/wp-json\/wp\/v2\/tags?post=8195"}],"curies":[{"name":"wp","href":"https:\/\/api.w.org\/{rel}","templated":true}]}}