{"id":8379,"date":"2025-07-11T14:44:44","date_gmt":"2025-07-11T12:44:44","guid":{"rendered":"https:\/\/us.edu.pl\/instytut\/inp\/?p=8379"},"modified":"2025-07-11T14:47:04","modified_gmt":"2025-07-11T12:47:04","slug":"spotkanie-z-wiceprzewodniczacym-ligi-muzulmanskiej","status":"publish","type":"post","link":"https:\/\/us.edu.pl\/instytut\/inp\/2025\/07\/11\/spotkanie-z-wiceprzewodniczacym-ligi-muzulmanskiej\/","title":{"rendered":"Spotkanie z wiceprzewodnicz\u0105cym Ligi Muzu\u0142ma\u0144skiej"},"content":{"rendered":"<p><\/p>\n<div class=\"xdj266r x14z9mp xat24cr x1lziwak x1vvkbs x126k92a\">\n<div dir=\"auto\"><span style=\"font-size: 12pt;\">W ramach prowadzonych bada\u0144 naukowych dotycz\u0105cych Bliskiego Wschodu dr hab. Katarzyna Czornik, prof. U\u015a wraz z II Wicewojewod\u0105 \u015al\u0105skim, Micha\u0142em Kopa\u0144skim, oraz Dyrektor Wydzia\u0142u Spraw Obywatelskich w \u015al\u0105skim Urz\u0119dzie Wojew\u00f3dzkim w Katowicach, Magdalen\u0105 Szewczuk Szturc, mia\u0142a przyjemno\u015b\u0107 uczestniczy\u0107 w spotkaniu z imamem dr. Jabbarem Koubaisy \u2013 Prezesem Muzu\u0142ma\u0144skiej Fundacji Pomocy i Wiceprzewodnicz\u0105cym Ligi Muzu\u0142ma\u0144skiej w RP.<\/p>\n<p><\/span><span style=\"font-size: 12pt;\">Spotkanie odby\u0142o si\u0119 10 lipca 2025 roku w siedzibie muzu\u0142ma\u0144skiego Centrum Kultury i Dialogu \u201eDoha\u201d, kt\u00f3rego imam Jabbar Koubaisy jest Dyrektorem.<\/span><\/div>\n<\/div>\n<p><\/p>","protected":false},"excerpt":{"rendered":"<p>W ramach prowadzonych bada\u0144 naukowych dotycz\u0105cych Bliskiego Wschodu dr hab. Katarzyna Czornik, prof. U\u015a wraz z II Wicewojewod\u0105 \u015al\u0105skim, Micha\u0142em Kopa\u0144skim, oraz Dyrektor Wydzia\u0142u Spraw Obywatelskich w \u015al\u0105skim Urz\u0119dzie Wojew\u00f3dzkim w Katowicach, Magdalen\u0105 Szewczuk Szturc, mia\u0142a przyjemno\u015b\u0107 uczestniczy\u0107 w spotkaniu z imamem dr. Jabbarem Koubaisy \u2013 Prezesem Muzu\u0142ma\u0144skiej Fundacji Pomocy i Wiceprzewodnicz\u0105cym Ligi Muzu\u0142ma\u0144skiej w [&#8230;]<\/p>\n<p><a class=\"btn btn-secondary understrap-read-more-link\" href=\"https:\/\/us.edu.pl\/instytut\/inp\/2025\/07\/11\/spotkanie-z-wiceprzewodniczacym-ligi-muzulmanskiej\/\">Read More&#8230;<\/a><\/p>\n","protected":false},"author":7155,"featured_media":8380,"comment_status":"open","ping_status":"open","sticky":false,"template":"","format":"standard","meta":{"_expiration-date-status":"","_expiration-date":0,"_expiration-date-type":"","_expiration-date-categories":[],"_expiration-date-options":[]},"categories":[1,11,8],"tags":[],"acf":[],"_links":{"self":[{"href":"https:\/\/us.edu.pl\/instytut\/inp\/wp-json\/wp\/v2\/posts\/8379"}],"collection":[{"href":"https:\/\/us.edu.pl\/instytut\/inp\/wp-json\/wp\/v2\/posts"}],"about":[{"href":"https:\/\/us.edu.pl\/instytut\/inp\/wp-json\/wp\/v2\/types\/post"}],"author":[{"embeddable":true,"href":"https:\/\/us.edu.pl\/instytut\/inp\/wp-json\/wp\/v2\/users\/7155"}],"replies":[{"embeddable":true,"href":"https:\/\/us.edu.pl\/instytut\/inp\/wp-json\/wp\/v2\/comments?post=8379"}],"version-history":[{"count":2,"href":"https:\/\/us.edu.pl\/instytut\/inp\/wp-json\/wp\/v2\/posts\/8379\/revisions"}],"predecessor-version":[{"id":8391,"href":"https:\/\/us.edu.pl\/instytut\/inp\/wp-json\/wp\/v2\/posts\/8379\/revisions\/8391"}],"wp:featuredmedia":[{"embeddable":true,"href":"https:\/\/us.edu.pl\/instytut\/inp\/wp-json\/wp\/v2\/media\/8380"}],"wp:attachment":[{"href":"https:\/\/us.edu.pl\/instytut\/inp\/wp-json\/wp\/v2\/media?parent=8379"}],"wp:term":[{"taxonomy":"category","embeddable":true,"href":"https:\/\/us.edu.pl\/instytut\/inp\/wp-json\/wp\/v2\/categories?post=8379"},{"taxonomy":"post_tag","embeddable":true,"href":"https:\/\/us.edu.pl\/instytut\/inp\/wp-json\/wp\/v2\/tags?post=8379"}],"curies":[{"name":"wp","href":"https:\/\/api.w.org\/{rel}","templated":true}]}}