{"id":8564,"date":"2025-12-06T18:10:34","date_gmt":"2025-12-06T17:10:34","guid":{"rendered":"https:\/\/us.edu.pl\/instytut\/inp\/?p=8564"},"modified":"2026-01-06T18:16:29","modified_gmt":"2026-01-06T17:16:29","slug":"prof-a-turska-kawa-na-tedxkatowice","status":"publish","type":"post","link":"https:\/\/us.edu.pl\/instytut\/inp\/2025\/12\/06\/prof-a-turska-kawa-na-tedxkatowice\/","title":{"rendered":"Prof. A. Turska-Kawa na TEDxKatowice!"},"content":{"rendered":"<p><\/p>\n<p style=\"text-align: justify;\"><span style=\"font-size: 12pt;\">29 listopada 2025 roku na <span class=\"html-span xdj266r x14z9mp xat24cr x1lziwak xexx8yu xyri2b x18d9i69 x1c1uobl x1hl2dhg x16tdsg8 x1vvkbs\"><span class=\"xt0psk2\"><span class=\"xjp7ctv\">Wydziale Humanistycznym Uniwersytetu \u015al\u0105skiego<\/span><\/span><\/span> odby\u0142 si\u0119 TEDxKatowice pod has\u0142em: \u201eZmierzch przysz\u0142o\u015bci | The End of The Future\u201d.<\/span><\/p>\n<p><span style=\"font-size: 12pt;\">Na scenie wyst\u0105pili wybitni eksperci, kt\u00f3rzy podzielili si\u0119 swoimi pasjonuj\u0105cymi badaniami i wizjami. W\u015br\u00f3d prelegent\u00f3w znalaz\u0142a si\u0119 dr hab. Agnieszka Turska-Kawa, prof. U\u015a, kt\u00f3ra m\u00f3wi\u0142a o tym, czy mo\u017cliwy jest \u015bwiat bez teorii spiskowych.<\/span><\/p>\n<p><\/p>","protected":false},"excerpt":{"rendered":"<p>29 listopada 2025 roku na Wydziale Humanistycznym Uniwersytetu \u015al\u0105skiego odby\u0142 si\u0119 TEDxKatowice pod has\u0142em: \u201eZmierzch przysz\u0142o\u015bci | The End of The Future\u201d. Na scenie wyst\u0105pili wybitni eksperci, kt\u00f3rzy podzielili si\u0119 swoimi pasjonuj\u0105cymi badaniami i wizjami. W\u015br\u00f3d prelegent\u00f3w znalaz\u0142a si\u0119 dr hab. Agnieszka Turska-Kawa, prof. U\u015a, kt\u00f3ra m\u00f3wi\u0142a o tym, czy mo\u017cliwy jest \u015bwiat bez teorii [&#8230;]<\/p>\n<p><a class=\"btn btn-secondary understrap-read-more-link\" href=\"https:\/\/us.edu.pl\/instytut\/inp\/2025\/12\/06\/prof-a-turska-kawa-na-tedxkatowice\/\">Read More&#8230;<\/a><\/p>\n","protected":false},"author":7155,"featured_media":8565,"comment_status":"open","ping_status":"open","sticky":false,"template":"","format":"standard","meta":{"_expiration-date-status":"","_expiration-date":0,"_expiration-date-type":"","_expiration-date-categories":[],"_expiration-date-options":[]},"categories":[1,11,8,16],"tags":[],"acf":[],"_links":{"self":[{"href":"https:\/\/us.edu.pl\/instytut\/inp\/wp-json\/wp\/v2\/posts\/8564"}],"collection":[{"href":"https:\/\/us.edu.pl\/instytut\/inp\/wp-json\/wp\/v2\/posts"}],"about":[{"href":"https:\/\/us.edu.pl\/instytut\/inp\/wp-json\/wp\/v2\/types\/post"}],"author":[{"embeddable":true,"href":"https:\/\/us.edu.pl\/instytut\/inp\/wp-json\/wp\/v2\/users\/7155"}],"replies":[{"embeddable":true,"href":"https:\/\/us.edu.pl\/instytut\/inp\/wp-json\/wp\/v2\/comments?post=8564"}],"version-history":[{"count":1,"href":"https:\/\/us.edu.pl\/instytut\/inp\/wp-json\/wp\/v2\/posts\/8564\/revisions"}],"predecessor-version":[{"id":8566,"href":"https:\/\/us.edu.pl\/instytut\/inp\/wp-json\/wp\/v2\/posts\/8564\/revisions\/8566"}],"wp:featuredmedia":[{"embeddable":true,"href":"https:\/\/us.edu.pl\/instytut\/inp\/wp-json\/wp\/v2\/media\/8565"}],"wp:attachment":[{"href":"https:\/\/us.edu.pl\/instytut\/inp\/wp-json\/wp\/v2\/media?parent=8564"}],"wp:term":[{"taxonomy":"category","embeddable":true,"href":"https:\/\/us.edu.pl\/instytut\/inp\/wp-json\/wp\/v2\/categories?post=8564"},{"taxonomy":"post_tag","embeddable":true,"href":"https:\/\/us.edu.pl\/instytut\/inp\/wp-json\/wp\/v2\/tags?post=8564"}],"curies":[{"name":"wp","href":"https:\/\/api.w.org\/{rel}","templated":true}]}}