{"id":1668,"date":"2022-04-29T10:18:45","date_gmt":"2022-04-29T08:18:45","guid":{"rendered":"https:\/\/us.edu.pl\/instytut\/int\/?p=1668"},"modified":"2022-04-29T10:18:45","modified_gmt":"2022-04-29T08:18:45","slug":"z-tej-ziemi-i-na-tej-ziemi","status":"publish","type":"post","link":"https:\/\/us.edu.pl\/instytut\/int\/2022\/04\/29\/z-tej-ziemi-i-na-tej-ziemi\/","title":{"rendered":"Z TEJ ZIEMI I NA TEJ ZIEMI"},"content":{"rendered":"<p>[vc_row][vc_column]\r\n                <div class=\"text-modules \">\r\n                    <div class=\"container\">\r\n                         \r\n                        <div class=\"row m-0\">\r\n                            <div class=\"text-modules__content\">\r\n                                <span style=\"font-size: 10pt;\">Z rado\u015bci\u0105 informujemy, \u017ce w ramach serii &#8222;Studia i Materia\u0142y Wydzia\u0142u Teologicznego Uniwersytetu \u015al\u0105skiego w Katowicach &#8221; ukaza\u0142a si\u0119 monografia:<\/span><\/p>\n<p><strong><span class=\"sliderMainTitle\">Ks. Henryk Olszar<\/span><\/strong><\/p>\n<p><strong><span class=\"sliderMainTitle\">Z TEJ ZIEMI I NA TEJ ZIEMI<\/span>. Siostry zakonne zwi\u0105zane pochodzeniem lub zamieszkaniem z parafi\u0105 \u015bw. Anio\u0142a Str\u00f3\u017ca w Gorzycach w archidiecezji katowickiej. Studium biograficze, Katowice 2022, Ksi\u0119garnia \u015bw. Jacka, ss. 208.<\/strong><\/p>\n<p>\u201eTa ksi\u0105\u017cka jest ho\u0142dem z\u0142o\u017conym kobietom, kt\u00f3re napisa\u0142y pi\u0119kn\u0105 kart\u0119 historii. Ich bardzo warto\u015bciowe do\u015bwiadczenie, nabyte zw\u0142aszcza w XX stuleciu, pozwala nam budowa\u0107 dzisiaj \u017cycie zakonne w Polsce. B\u0142ogos\u0142awiony Stefan Wyszy\u0144ski apelowa\u0142 do si\u00f3str: \u00abWsz\u0119dzie was Ko\u015bci\u00f3\u0142 potrzebuje, coraz bardziej, tej waszej \u015bwi\u0119to\u015bci, gruntownego u\u015bwiadomienia religijnego i teologicznego, potrzebuje waszego apostolstwa\u00bb\u201d<\/p>\n<p>Ks. Henryk Olszar (fragment wst\u0119pu)<\/p>\n<p>Niew\u0105tpliwie ksi\u0105\u017cka ta jest: \u201eho\u0142dem z\u0142o\u017conym kobietom, kt\u00f3re napisa\u0142y pi\u0119kn\u0105 kart\u0119 historii\u201d. G\u0142\u0119boko ufam, \u017ce po jej lekturze ocalone zostan\u0105 od zapomnienia\u00a0<em>res geste<\/em>\u00a0lokalnego Ko\u015bcio\u0142a w jego charyzmacie powo\u0142aniowym, spogl\u0105daj\u0105c wstecz na te kobiety, kt\u00f3re powo\u0142ane do s\u0142u\u017cby Bogu i cz\u0142owiekowi w spos\u00f3b cz\u0119sto heroiczny odda\u0142y jemu i \u015bl\u0105skiej ziemi swoje zdolno\u015bci tw\u00f3rcze \u2013 ca\u0142\u0105 swoj\u0105 doczesno\u015b\u0107 na poczet wieczno\u015bci. Oby \u00f3w zbiorowy portret wspania\u0142ych kobiet Ko\u015bcio\u0142a nie by\u0142 ju\u017c zupe\u0142ny. Oby autor nie tylko odnajdywa\u0142 kolejne osoby z przesz\u0142o\u015bci, o kt\u00f3rych po latach ju\u017c zapomniano. Oby buduj\u0105ca tre\u015b\u0107 dzie\u0142a nadal inspirowa\u0142a m\u0142ode osoby do pod\u0105\u017cania za Chrystusem drog\u0105 pe\u0142nego realizowania rad ewangelicznych: \u201eChodzi [przecie\u017c] o autentyczne prowadzenie m\u0142odych do Chrystusa, bowiem tylko prawdziwy \u015bwiadek i aposto\u0142 jest zdolny pozyska\u0107<em>\u00a0<\/em>nowych aposto\u0142\u00f3w\u201d.<\/p>\n<p>Ks. dr hab. Piotr G\u00f3recki, prof. UO (fragment recenzji)<\/p>\n<p>\u201eZe smutkiem nale\u017cy stwierdzi\u0107, \u017ce na polskim rynku wydawniczym brakuje publikacji przybli\u017caj\u0105cych osoby, \u017cycie i dzia\u0142alno\u015b\u0107 si\u00f3str zakonnych. O wiele cz\u0119\u015bciej mo\u017cna spotka\u0107 na pu\u0142kach ksi\u0119garskich pozycje po\u015bwi\u0119cone osobom duchownym: biskupom i prezbiterom, ale osoby \u017cycia konsekrowanego traktowane s\u0105 po macoszemu. Tak jakby \u017cycie ukryte za drzwiami klauzury nie zas\u0142ugiwa\u0142o na ukazanie \u015bwiatu. Z tym wi\u0119ksz\u0105 rado\u015bci\u0105 przyj\u0105\u0142em wiadomo\u015b\u0107 o nowej publikacji znanego i cenionego historyka g\u00f3rno\u015bl\u0105skiego ks. Henryka Olszara po\u015bwi\u0119conej tym razem \u017cyciu zakonnemu w jego rodzinnej miejscowo\u015bci Gorzyce. (\u2026) Dzi\u0119ki pionierskiej pracy Ksi\u0119dza Profesora dot\u0105d bezimienne i skazane na zapomnienie zakonnice zosta\u0142y uratowane od zapomnienia i polski czytelnik mo\u017ce zapozna\u0107 si\u0119 z ich dot\u0105d nieznan\u0105 histori\u0105. Warto\u015bci tej publikacji nadaje \u017cmudna, mr\u00f3wcza praca Autora, kt\u00f3ry w poszukiwaniu bezcennych informacji musia\u0142 przejrze\u0107 wiele archiw\u00f3w, w tym archiw\u00f3w os\u00f3b prywatnych. Nale\u017cy podkre\u015bli\u0107, \u017ce biogramy si\u00f3str z Gorzyc dot\u0105d nie zosta\u0142y opracowane, a zatem praca ks. H. Olszara domaga si\u0119 uznania jako bezcenny wk\u0142ad dla histografii G\u00f3rnego \u015al\u0105ska. Cenny jest r\u00f3wnie\u017c lokalny charakter tej pracy. Dzi\u015b coraz cz\u0119\u015bciej podkre\u015bla si\u0119 znaczenie historii dla budowania to\u017csamo\u015bci lokalnych spo\u0142eczno\u015bci. Ksi\u0105dz Profesor wychodzi naprzeciw tym potrzebom wsp\u00f3\u0142czesnego cz\u0142owieka\u201d.<\/p>\n<p>Ks. dr Przemys\u0142aw Krakowczyk SAC (fragment recenzji)<\/p>\n<p>Publikacj\u0119 mo\u017cna zakupi\u0107 w <a href=\"https:\/\/sklep.ksj.pl\/produkt\/z-tej-ziemi-i-na-tej-ziemi-sim-96\/\">Ksi\u0119garni \u015bw. Jacka<\/a>. \r\n                                <div class=\"mt-3\"><\/div>\r\n                            <\/div>\r\n                            \r\n                            <div class=\"text-modules__img\"><img src=\"https:\/\/us.edu.pl\/instytut\/int\/wp-content\/uploads\/sites\/47\/Bez-kategorii\/sim96-olszar-obwoluta-212x300.jpg\" alt=\"img\"><\/div>\r\n                        <\/div>\r\n                    <\/div>\r\n                <\/div>[\/vc_column][\/vc_row]<\/p>","protected":false},"excerpt":{"rendered":"<p>[vc_row][vc_column][\/vc_column][\/vc_row] [&#8230;]<\/p>\n<p><a class=\"btn btn-secondary understrap-read-more-link\" href=\"https:\/\/us.edu.pl\/instytut\/int\/2022\/04\/29\/z-tej-ziemi-i-na-tej-ziemi\/\">Read More&#8230;<\/a><\/p>\n","protected":false},"author":2475,"featured_media":1670,"comment_status":"open","ping_status":"open","sticky":false,"template":"","format":"standard","meta":{"_expiration-date-status":"","_expiration-date":0,"_expiration-date-type":"","_expiration-date-categories":[],"_expiration-date-options":[]},"categories":[10],"tags":[],"acf":[],"_links":{"self":[{"href":"https:\/\/us.edu.pl\/instytut\/int\/wp-json\/wp\/v2\/posts\/1668"}],"collection":[{"href":"https:\/\/us.edu.pl\/instytut\/int\/wp-json\/wp\/v2\/posts"}],"about":[{"href":"https:\/\/us.edu.pl\/instytut\/int\/wp-json\/wp\/v2\/types\/post"}],"author":[{"embeddable":true,"href":"https:\/\/us.edu.pl\/instytut\/int\/wp-json\/wp\/v2\/users\/2475"}],"replies":[{"embeddable":true,"href":"https:\/\/us.edu.pl\/instytut\/int\/wp-json\/wp\/v2\/comments?post=1668"}],"version-history":[{"count":2,"href":"https:\/\/us.edu.pl\/instytut\/int\/wp-json\/wp\/v2\/posts\/1668\/revisions"}],"predecessor-version":[{"id":1672,"href":"https:\/\/us.edu.pl\/instytut\/int\/wp-json\/wp\/v2\/posts\/1668\/revisions\/1672"}],"wp:featuredmedia":[{"embeddable":true,"href":"https:\/\/us.edu.pl\/instytut\/int\/wp-json\/wp\/v2\/media\/1670"}],"wp:attachment":[{"href":"https:\/\/us.edu.pl\/instytut\/int\/wp-json\/wp\/v2\/media?parent=1668"}],"wp:term":[{"taxonomy":"category","embeddable":true,"href":"https:\/\/us.edu.pl\/instytut\/int\/wp-json\/wp\/v2\/categories?post=1668"},{"taxonomy":"post_tag","embeddable":true,"href":"https:\/\/us.edu.pl\/instytut\/int\/wp-json\/wp\/v2\/tags?post=1668"}],"curies":[{"name":"wp","href":"https:\/\/api.w.org\/{rel}","templated":true}]}}