{"id":2635,"date":"2024-05-21T16:40:22","date_gmt":"2024-05-21T14:40:22","guid":{"rendered":"https:\/\/us.edu.pl\/instytut\/int\/?p=2635"},"modified":"2024-05-21T17:01:07","modified_gmt":"2024-05-21T15:01:07","slug":"slaskie-studia-historyczno-teologiczne-561-2023","status":"publish","type":"post","link":"https:\/\/us.edu.pl\/instytut\/int\/2024\/05\/21\/slaskie-studia-historyczno-teologiczne-561-2023\/","title":{"rendered":"\u201e\u015al\u0105skie Studia Historyczno-Teologiczne\u201d 56,1 (2023)"},"content":{"rendered":"<p>[vc_row][vc_column]\r\n                <div class=\"text-modules reverse\">\r\n                    <div class=\"container\">\r\n                         \r\n                        <div class=\"row m-0\">\r\n                            <div class=\"text-modules__content\">\r\n                                <span style=\"font-size: 12pt;\">Z przyjemno\u015bci\u0105 informujemy, \u017ce ukaza\u0142 si\u0119 kolejny numer &#8222;\u015al\u0105skich Studi\u00f3w Teologiczno-Historycznych&#8221;, p\u00f3\u0142rocznika wydawanego pod auspicjami Wydzia\u0142u Teologicznego Uniwersytetu \u015al\u0105skiego w Katowicach.\u00a0<\/span><\/p>\n<p><span style=\"font-size: 12pt;\">W prezentowanym numerze znalaz\u0142o si\u0119 sze\u015b\u0107 artyku\u0142\u00f3w naukowych. Ojciec Mieczys\u0142aw Celestyn Paczkowski OFM przybli\u017ca dzia\u0142alno\u015b\u0107 Zakonu Franciszka\u0144skiego na terenie Kustodii Ziemi \u015awi\u0119tej w czasach epidemii. Autorem drugiego z prezentowanych tekst\u00f3w jest ks. prof. Henryk Olszar. Przywo\u0142uje dzieje rodziny Christophera R. Hilla, ambasadora USA w Polsce i jego rodziny, kt\u00f3rych korzenie s\u0105 na G\u00f3rnym \u015al\u0105sku. Ksi\u0105dz Micha\u0142 K\u0142akus, w oparciu o zbiory Polskiej Misji Katolickiej w Pary\u017cu, zw\u0142aszcza korespondencj\u0119 ks. Kazimierza Kwa\u015bnego z abp. J\u00f3zefem Gawlin\u0105, dokona\u0142 analizy stylu pracy opiekuna polskich emigrant\u00f3w. Doktor Daniela Dylus w swoim artykule podj\u0119\u0142a pr\u00f3b\u0119 wskazania \u017ar\u00f3de\u0142, kt\u00f3re wykorzysta\u0142 \u015bl\u0105ski p\u0105tnik J\u00f3zef Goj, tworz\u0105c <em>Opis pielgrzymki do Ziemi \u015awi\u0119tej<\/em>, a tak\u017ce zbi\u00f3r <em>Pie\u015bni p\u0105tniczych u\u0142o\u017conych z widzenia i odwiedzenia (\u2026) miejsc\u00f3w \u015bwi\u0119tych<\/em>. Doktor Wis\u0142awa Bertman, pracuj\u0105ca jako kustosz w Bibliotece \u015al\u0105skiej, przybli\u017ca czasopismo \u201eEwangelik G\u00f3rno\u015bl\u0105ski\u201d \u2013 polski dwutygodnik ewangelicki ukazuj\u0105cy si\u0119 w Katowicach w latach 1932\u20131939, kt\u00f3ry odegra\u0142 znacz\u0105c\u0105 rol\u0119 w budzeniu polskiej \u015bwiadomo\u015bci w kr\u0119gach ewangelik\u00f3w polskiego pochodzenia zamieszkuj\u0105cych G\u00f3rny \u015al\u0105sk. Ostatni artyku\u0142 autorstwa Ewy Szafraniec dotyczy genezy i funkcjonowania internetowej inicjatywy naukowo- popularyzatorskiej \u201eE-ncyklopedia wiedzy o Ko\u015bciele katolickim na \u015al\u0105sku\u201d. <\/span><\/p>\n<p><span style=\"font-size: 12pt;\">W aktualnym numerze naszego p\u00f3\u0142rocznika znalaz\u0142y si\u0119 tak\u017ce dwa teksty w dziale materia\u0142\u00f3w. Tomasz Stolarczyk omawia dzie\u0142a teologiczne znajduj\u0105ce si\u0119 w bibliotece kolegium wielu\u0144skiego w \u015bwietle katalogu bibliotecznego z 1809 r., a ks. Marek Spyra, wieloletni duszpasterz akademicki w Katowicach, publikuje tekst konferencji pt. <em>Chrze\u015bcijanin mi\u0119dzy tradycjonalizmem a progresizmem. Nowe wyzwania<\/em>. <\/span><\/p>\n<p><span style=\"font-size: 12pt;\">Liczymy na \u017cyczliwe przyj\u0119cie \u201e\u015al\u0105skich Studi\u00f3w Historyczno-Teologicznych\u201d i \u017cyczymy mi\u0142ej lektury!<\/span> \r\n                                <div class=\"mt-3\"><a href=\"https:\/\/journals.us.edu.pl\/index.php\/ssht\/issue\/view\/1407\" class=\"link-button mr-3 \">SSHT 56,1 (2023) - dost\u0119p do tre\u015bci on-line<\/a><\/div>\r\n                            <\/div>\r\n                            \r\n                            <div class=\"text-modules__img\"><img src=\"https:\/\/us.edu.pl\/instytut\/int\/wp-content\/uploads\/sites\/47\/Bez-kategorii\/SSHT-56-1-okladka-1-s.jpg\" alt=\"img\"><\/div>\r\n                        <\/div>\r\n                    <\/div>\r\n                <\/div>[\/vc_column][\/vc_row]<\/p>","protected":false},"excerpt":{"rendered":"<p>[vc_row][vc_column][\/vc_column][\/vc_row] [&#8230;]<\/p>\n<p><a class=\"btn btn-secondary understrap-read-more-link\" href=\"https:\/\/us.edu.pl\/instytut\/int\/2024\/05\/21\/slaskie-studia-historyczno-teologiczne-561-2023\/\">Read More&#8230;<\/a><\/p>\n","protected":false},"author":120,"featured_media":2636,"comment_status":"open","ping_status":"open","sticky":false,"template":"","format":"standard","meta":{"_expiration-date-status":"","_expiration-date":0,"_expiration-date-type":"","_expiration-date-categories":[],"_expiration-date-options":[]},"categories":[10],"tags":[],"acf":[],"_links":{"self":[{"href":"https:\/\/us.edu.pl\/instytut\/int\/wp-json\/wp\/v2\/posts\/2635"}],"collection":[{"href":"https:\/\/us.edu.pl\/instytut\/int\/wp-json\/wp\/v2\/posts"}],"about":[{"href":"https:\/\/us.edu.pl\/instytut\/int\/wp-json\/wp\/v2\/types\/post"}],"author":[{"embeddable":true,"href":"https:\/\/us.edu.pl\/instytut\/int\/wp-json\/wp\/v2\/users\/120"}],"replies":[{"embeddable":true,"href":"https:\/\/us.edu.pl\/instytut\/int\/wp-json\/wp\/v2\/comments?post=2635"}],"version-history":[{"count":5,"href":"https:\/\/us.edu.pl\/instytut\/int\/wp-json\/wp\/v2\/posts\/2635\/revisions"}],"predecessor-version":[{"id":2642,"href":"https:\/\/us.edu.pl\/instytut\/int\/wp-json\/wp\/v2\/posts\/2635\/revisions\/2642"}],"wp:featuredmedia":[{"embeddable":true,"href":"https:\/\/us.edu.pl\/instytut\/int\/wp-json\/wp\/v2\/media\/2636"}],"wp:attachment":[{"href":"https:\/\/us.edu.pl\/instytut\/int\/wp-json\/wp\/v2\/media?parent=2635"}],"wp:term":[{"taxonomy":"category","embeddable":true,"href":"https:\/\/us.edu.pl\/instytut\/int\/wp-json\/wp\/v2\/categories?post=2635"},{"taxonomy":"post_tag","embeddable":true,"href":"https:\/\/us.edu.pl\/instytut\/int\/wp-json\/wp\/v2\/tags?post=2635"}],"curies":[{"name":"wp","href":"https:\/\/api.w.org\/{rel}","templated":true}]}}