{"id":432,"date":"2020-01-19T21:27:22","date_gmt":"2020-01-19T20:27:22","guid":{"rendered":"http:\/\/us.edu.pl\/instytut\/int\/?p=432"},"modified":"2020-02-01T21:37:25","modified_gmt":"2020-02-01T20:37:25","slug":"habilitacja-ks-dra-damiana-bednarskiego","status":"publish","type":"post","link":"https:\/\/us.edu.pl\/instytut\/int\/2020\/01\/19\/habilitacja-ks-dra-damiana-bednarskiego\/","title":{"rendered":"Habilitacja ks. dra Damiana Bednarskiego"},"content":{"rendered":"<p>[vc_row][vc_column]\r\n                <div class=\"text-modules reverse\">\r\n                    <div class=\"container\">\r\n                         \r\n                        <div class=\"row m-0\">\r\n                            <div class=\"text-modules__content\">\r\n                                <span style=\"font-size: 12pt\">14 stycznia 2020 roku w trakcie zebrania cz\u0142onk\u00f3w Rady Instytutu Nauk Teologicznych zosta\u0142a podj\u0119ta uchwa\u0142a o nadaniu stopnia doktora habilitowanego ks. Damianowi Bednarskiemu. Podstaw\u0119 do jej przyj\u0119cia da\u0142a decyzja komisji habilitacyjnej, kt\u00f3ra zweryfikowa\u0142a dorobek habilitanta i zrecenzowa\u0142a przedstawion\u0105 przez niego monografi\u0119 <em>Biskup J\u00f3zef Gawlina wobec Polak\u00f3w na emigracji<\/em>.\u00a0<\/span><span style=\"font-size: 12pt\">Komisj\u0119 habilitacyjn\u0105 tworzyli: ks. prof. Tadeusz DOLA z Opola (przewodnicz\u0105cy), ks. dr hab. Andrzej Uciecha (sekretarz), trzej recenzenci: ks. prof. Jan Pietrzykowski SDB (UKSW), ks. prof. Jan Walkusz (KUL)), ks. dr hab. Henryk Olszar (U\u015a) oraz dwaj cz\u0142onkowie komisji: ks. prof. J\u00f3zef Marecki (UPJPII) i Arkadiusz Wuwer (U\u015a).<\/span><\/p>\n<p><span style=\"font-size: 12pt\">Ks. Bednarski opr\u00f3cz monografii po\u015bwi\u0119conej bp. Gawlinie przedstawi\u0142 komisji tak\u017ce pozosta\u0142y sw\u00f3j dorobek pisarski, na kt\u00f3ry sk\u0142adaj\u0105 si\u0119: monografie, edycje tekst\u00f3w \u017ar\u00f3d\u0142owych, redakcje ksi\u0105\u017cek, artyku\u0142y, biogramy i teksty popularno-naukowe. Ponadto jest autorem <em>Positio super martyrio Servi Dei Ioannis Francisci Macha in odium fidei, uti fertur, interfecti<\/em> (Roma 2018), przygotowanego w watyka\u0144skiej Kongregacji Spraw Kanonizacyjnych podczas procesu kanonizacyjnego S\u0142ugi Bo\u017cego ks. Jana Machy. Jego dotychczasowy dorobek naukowy dotyczy kilku wa\u017cnych obszar\u00f3w badawczych, m.in. dziej\u00f3w duszpasterstwa w diecezji katowickiej, martyrologium \u015bl\u0105skiego duchowie\u0144stwa, historia duszpasterstwa emigracyjnego.\u00a0<\/span><span style=\"font-size: 12pt\">Wa\u017cnym elementem pracy naukowej ks. Bednarskiego s\u0105 kwerendy w bibliotekach i archiwach zagranicznych. Przez ostatnie lata kilkakrotnie przebywa\u0142 na wyjazdach naukowych w Rzymie, Londynie i Ostrawie. Szczeg\u00f3lnie istotne kontakty nawi\u0105za\u0142 z Tajnym Archiwum Watyka\u0144skim oraz Uniwersytetem Gregoria\u0144skim w Rzymie. Ponadto wsp\u00f3\u0142pracuje z instytucjami i archiwami polskimi, maj\u0105cymi swoje siedziby poza granicami kraju (m.in. Archiwum Instytutu Polskiego i Muzeum im. Gen. Sikorskiego w Londynie, Archiwum Polskiej Misji Katolickiej w Londynie, Papieskim Instytutem Studi\u00f3w Ko\u015bcielnych w Rzymie).\u00a0<\/span><span style=\"font-size: 12pt\">Dzi\u0119ki \u015brodkom uczelnianym, pochodz\u0105cym z programu \u201eMobilno\u015b\u0107 kadry\u201d odby\u0142 czteromiesi\u0119czny sta\u017c naukowy Tajnym Archiwum Watyka\u0144skim oraz Uniwersytecie Gregoria\u0144skim w Rzymie (IX \u2013 XII 2018). Ponadto uczestniczy w projekcie prowadzonym przez Papieski Uniwersytet Gregoria\u0144ski pt. <em>Storia della Chiesa in Europa Centro-Orientale<\/em>.<\/span><\/p>\n<p><span style=\"font-size: 8pt\">Autor fotografii: Patrycja \u015aliwka<\/span> \r\n                                <div class=\"mt-3\"><\/div>\r\n                            <\/div>\r\n                            \r\n                            <div class=\"text-modules__img\"><img src=\"https:\/\/us.edu.pl\/instytut\/int\/wp-content\/uploads\/sites\/47\/Nieprzypisane\/D.-Bednarski.jpg\" alt=\"img\"><\/div>\r\n                        <\/div>\r\n                    <\/div>\r\n                <\/div>[\/vc_column][\/vc_row]<\/p>","protected":false},"excerpt":{"rendered":"<p>[vc_row][vc_column][\/vc_column][\/vc_row] [&#8230;]<\/p>\n<p><a class=\"btn btn-secondary understrap-read-more-link\" href=\"https:\/\/us.edu.pl\/instytut\/int\/2020\/01\/19\/habilitacja-ks-dra-damiana-bednarskiego\/\">Read More&#8230;<\/a><\/p>\n","protected":false},"author":120,"featured_media":434,"comment_status":"open","ping_status":"open","sticky":false,"template":"","format":"standard","meta":{"_expiration-date-status":"saved","_expiration-date":0,"_expiration-date-type":"","_expiration-date-categories":[],"_expiration-date-options":[]},"categories":[19],"tags":[],"acf":[],"_links":{"self":[{"href":"https:\/\/us.edu.pl\/instytut\/int\/wp-json\/wp\/v2\/posts\/432"}],"collection":[{"href":"https:\/\/us.edu.pl\/instytut\/int\/wp-json\/wp\/v2\/posts"}],"about":[{"href":"https:\/\/us.edu.pl\/instytut\/int\/wp-json\/wp\/v2\/types\/post"}],"author":[{"embeddable":true,"href":"https:\/\/us.edu.pl\/instytut\/int\/wp-json\/wp\/v2\/users\/120"}],"replies":[{"embeddable":true,"href":"https:\/\/us.edu.pl\/instytut\/int\/wp-json\/wp\/v2\/comments?post=432"}],"version-history":[{"count":6,"href":"https:\/\/us.edu.pl\/instytut\/int\/wp-json\/wp\/v2\/posts\/432\/revisions"}],"predecessor-version":[{"id":442,"href":"https:\/\/us.edu.pl\/instytut\/int\/wp-json\/wp\/v2\/posts\/432\/revisions\/442"}],"wp:featuredmedia":[{"embeddable":true,"href":"https:\/\/us.edu.pl\/instytut\/int\/wp-json\/wp\/v2\/media\/434"}],"wp:attachment":[{"href":"https:\/\/us.edu.pl\/instytut\/int\/wp-json\/wp\/v2\/media?parent=432"}],"wp:term":[{"taxonomy":"category","embeddable":true,"href":"https:\/\/us.edu.pl\/instytut\/int\/wp-json\/wp\/v2\/categories?post=432"},{"taxonomy":"post_tag","embeddable":true,"href":"https:\/\/us.edu.pl\/instytut\/int\/wp-json\/wp\/v2\/tags?post=432"}],"curies":[{"name":"wp","href":"https:\/\/api.w.org\/{rel}","templated":true}]}}