{"id":10116,"date":"2025-05-30T09:26:36","date_gmt":"2025-05-30T07:26:36","guid":{"rendered":"https:\/\/us.edu.pl\/instytut\/ip\/?p=10116"},"modified":"2025-05-30T09:26:36","modified_gmt":"2025-05-30T07:26:36","slug":"udzial-pracownikow-i-studentow-instytutu-psychologii-us-w-iv-ogolnopolskiej-konferencji-parentologicznej","status":"publish","type":"post","link":"https:\/\/us.edu.pl\/instytut\/ip\/2025\/05\/30\/udzial-pracownikow-i-studentow-instytutu-psychologii-us-w-iv-ogolnopolskiej-konferencji-parentologicznej\/","title":{"rendered":"Udzia\u0142 pracownik\u00f3w i student\u00f3w Instytutu Psychologii U\u015a w IV Og\u00f3lnopolskiej Konferencji Parentologicznej"},"content":{"rendered":"<p>[vc_row][vc_column]\r\n                <div class=\"text-modules \">\r\n                    <div class=\"container\">\r\n                         \r\n                        <div class=\"row m-0\">\r\n                            <div class=\"text-modules__content\">\r\n                                <\/p>\n<p style=\"text-align: justify;\" data-start=\"223\" data-end=\"673\"><span style=\"font-size: 14pt;\">W dniach 23\u201324 maja 2025 roku pracownicy naukowi oraz studenci Instytutu Psychologii Uniwersytetu \u015al\u0105skiego, zwi\u0105zani z zespo\u0142em <a class=\"\" href=\"https:\/\/us.edu.pl\/instytut\/ip\/nauka\/zespoly-badawcze\/projekty-naukowe-2\/pregnancy-parenthoodlab-prepare-lab\/\" target=\"_new\" rel=\"noopener\" data-start=\"352\" data-end=\"504\">Prepare Lab \u2013 Pregnancy &amp; Parenthood Lab<\/a>, wzi\u0119li udzia\u0142 w IV Og\u00f3lnopolskiej Konferencji Parentologicznej organizowanej przez Uniwersytet im. Adama Mickiewicza w Poznaniu (Wydzia\u0142 Psychologii i Kognitywistyki).<\/span><\/p>\n<p style=\"text-align: justify;\" data-start=\"675\" data-end=\"859\"><span style=\"font-size: 14pt;\">W sk\u0142ad reprezentacji Instytutu weszli:<\/span><br data-start=\"714\" data-end=\"717\" \/><span style=\"font-size: 14pt;\">dr Joanna Kucharewicz, dr Michalina Ilska, prof. U\u015a, dr Anna Ko\u0142odziej-Zaleska, prof. U\u015a, oraz studentki Natalia Morawiec, Dominika Plewniak.<\/span><\/p>\n<p style=\"text-align: justify;\" data-start=\"861\" data-end=\"943\"><span style=\"font-size: 14pt;\">W ramach wydarzenia zaprezentowano dwa wyst\u0105pienia ustne oraz dwa plakaty naukowe. Udzia\u0142 w konferencji by\u0142 okazj\u0105 do prezentacji wynik\u00f3w bada\u0144 zespo\u0142u Prepare Lab oraz do wymiany do\u015bwiadcze\u0144 z naukowcami z ca\u0142ej Polski zajmuj\u0105cymi si\u0119 tematyk\u0105 rodzicielstwa.<\/span><\/p>\n<div class=\"mt-3\"><\/div>\r\n                            <\/div>\r\n                            \r\n                            <div class=\"text-modules__img\"><img src=\"https:\/\/us.edu.pl\/instytut\/ip\/wp-content\/uploads\/sites\/33\/Bez-kategorii\/profilowe.jpg\" alt=\"img\"><\/div>\r\n                        <\/div>\r\n                    <\/div>\r\n                <\/div>[\/vc_column][\/vc_row][vc_row][vc_column]\r\n                <div class=\"text-modules reverse\">\r\n                    <div class=\"container\">\r\n                        <h3 class=\"section-title section-title_border-bottom\">Wyst\u0105pienia<\/h3> \r\n                        <div class=\"row m-0\">\r\n                            <div class=\"text-modules__content\">\r\n                                <span style=\"font-size: 14pt;\"><strong data-start=\"966\" data-end=\"1003\">Michalina Ilska, Natalia Morawiec<\/strong><\/span><br data-start=\"1003\" data-end=\"1006\" \/><span style=\"font-size: 14pt;\"><em data-start=\"1009\" data-end=\"1129\">Psychologiczne predyktory PTSD zwi\u0105zanego z porodem \u2013 rola przemocy po\u0142o\u017cniczej, satysfakcji z porodu i ego-resiliency<\/em><\/span> \r\n                                <div class=\"mt-3\"><\/div>\r\n                            <\/div>\r\n                            \r\n                            <div class=\"text-modules__img\"><img src=\"https:\/\/us.edu.pl\/instytut\/ip\/wp-content\/uploads\/sites\/33\/Bez-kategorii\/PTSD.jpg\" alt=\"img\"><\/div>\r\n                        <\/div>\r\n                    <\/div>\r\n                <\/div>[\/vc_column][\/vc_row][vc_row][vc_column]\r\n                <div class=\"text-modules reverse\">\r\n                    <div class=\"container\">\r\n                         \r\n                        <div class=\"row m-0\">\r\n                            <div class=\"text-modules__content\">\r\n                                <span style=\"font-size: 14pt;\"><strong data-start=\"1133\" data-end=\"1178\">\u00a0Dominika Plewniak, Anna Ko\u0142odziej-Zaleska<\/strong><\/span><br data-start=\"1178\" data-end=\"1181\" \/><span style=\"font-size: 14pt;\"><em data-start=\"1184\" data-end=\"1299\">Ograniczanie? Krytyka? A mo\u017ce klaps? \u2013 cz\u0119sto\u015b\u0107 stosowania metod dyscyplinuj\u0105cych a wybrane aspekty rodzicielstwa<\/em><\/span> \r\n                                <div class=\"mt-3\"><\/div>\r\n                            <\/div>\r\n                            \r\n                            <div class=\"text-modules__img\"><img src=\"https:\/\/us.edu.pl\/instytut\/ip\/wp-content\/uploads\/sites\/33\/Bez-kategorii\/Dyscyplina.jpg\" alt=\"img\"><\/div>\r\n                        <\/div>\r\n                    <\/div>\r\n                <\/div>[\/vc_column][\/vc_row][vc_row][vc_column]\r\n                <div class=\"text-modules reverse\">\r\n                    <div class=\"container\">\r\n                        <h3 class=\"section-title section-title_border-bottom\">Plakaty:<\/h3> \r\n                        <div class=\"row m-0\">\r\n                            <div class=\"text-modules__content\">\r\n                                <span style=\"font-size: 14pt;\"><strong data-start=\"1318\" data-end=\"1359\">Natalia Ziaja, Anna Ko\u0142odziej-Zaleska<\/strong><\/span><br data-start=\"1359\" data-end=\"1362\" \/><span style=\"font-size: 14pt;\"><em data-start=\"1365\" data-end=\"1440\">Deklarowanie do\u015bwiadczenia parentyfikacji a funkcjonowanie w roli rodzica<\/em><\/span> \r\n                                <div class=\"mt-3\"><\/div>\r\n                            <\/div>\r\n                            \r\n                            <div class=\"text-modules__img\"><img src=\"https:\/\/us.edu.pl\/instytut\/ip\/wp-content\/uploads\/sites\/33\/Bez-kategorii\/plakat_paretyfik_na_str.jpg\" alt=\"img\"><\/div>\r\n                        <\/div>\r\n                    <\/div>\r\n                <\/div>[\/vc_column][\/vc_row][vc_row][vc_column]\r\n                <div class=\"text-modules reverse\">\r\n                    <div class=\"container\">\r\n                         \r\n                        <div class=\"row m-0\">\r\n                            <div class=\"text-modules__content\">\r\n                                <span style=\"font-size: 14pt;\"><strong data-start=\"1444\" data-end=\"1508\">Anna Ko\u0142odziej-Zaleska, Michalina Ilska, Anna Brandt-Salmeri<\/strong><\/span><br data-start=\"1508\" data-end=\"1511\" \/><span style=\"font-size: 14pt;\"><em data-start=\"1514\" data-end=\"1659\">Rodzicielska pewno\u015b\u0107 siebie oraz zdrowie psychiczne ojc\u00f3w niemowl\u0105t do 12 miesi\u0105ca \u017cycia w okresie adaptacji do rodzicielstwa \u2013 analiza skupie\u0144<\/em><\/span> \r\n                                <div class=\"mt-3\"><\/div>\r\n                            <\/div>\r\n                            \r\n                            <div class=\"text-modules__img\"><img src=\"https:\/\/us.edu.pl\/instytut\/ip\/wp-content\/uploads\/sites\/33\/Bez-kategorii\/plakat_ojcowie_na_str.jpg\" alt=\"img\"><\/div>\r\n                        <\/div>\r\n                    <\/div>\r\n                <\/div>[\/vc_column][\/vc_row][vc_row][vc_column]            \r\n                    <div class=\"container\">\r\n                        <div class=\"gallery gallery_4\" data-images-in-row=\"4\">\r\n                            \r\n                            <div class=\"row m-0\">\r\n                                <a data-fancybox-group=\"button\" title=\"\" data-fancybox=\"5537\" href=\"https:\/\/us.edu.pl\/instytut\/ip\/wp-content\/uploads\/sites\/33\/Bez-kategorii\/Poznan-4.jpg\" class=\"gallery__item thumbnail\"\r\n                                    style=\"background-image: url(https:\/\/us.edu.pl\/instytut\/ip\/wp-content\/uploads\/sites\/33\/Bez-kategorii\/Poznan-4-768x1024.jpg)\"> <span class=\"d-none\">https:\/\/us.edu.pl\/instytut\/ip\/wp-content\/uploads\/sites\/33\/Bez-kategorii\/Poznan-4.jpg<\/span> <\/a><a data-fancybox-group=\"button\" title=\"\" data-fancybox=\"5537\" href=\"https:\/\/us.edu.pl\/instytut\/ip\/wp-content\/uploads\/sites\/33\/Bez-kategorii\/Poznan-3.jpg\" class=\"gallery__item thumbnail\"\r\n                                    style=\"background-image: url(https:\/\/us.edu.pl\/instytut\/ip\/wp-content\/uploads\/sites\/33\/Bez-kategorii\/Poznan-3-701x1024.jpg)\"> <span class=\"d-none\">https:\/\/us.edu.pl\/instytut\/ip\/wp-content\/uploads\/sites\/33\/Bez-kategorii\/Poznan-3.jpg<\/span> <\/a><a data-fancybox-group=\"button\" title=\"\" data-fancybox=\"5537\" href=\"https:\/\/us.edu.pl\/instytut\/ip\/wp-content\/uploads\/sites\/33\/Bez-kategorii\/Poznan-2.jpg\" class=\"gallery__item thumbnail\"\r\n                                    style=\"background-image: url(https:\/\/us.edu.pl\/instytut\/ip\/wp-content\/uploads\/sites\/33\/Bez-kategorii\/Poznan-2-734x1024.jpg)\"> <span class=\"d-none\">https:\/\/us.edu.pl\/instytut\/ip\/wp-content\/uploads\/sites\/33\/Bez-kategorii\/Poznan-2.jpg<\/span> <\/a><a data-fancybox-group=\"button\" title=\"\" data-fancybox=\"5537\" href=\"https:\/\/us.edu.pl\/instytut\/ip\/wp-content\/uploads\/sites\/33\/Bez-kategorii\/Poznan-5.jpg\" class=\"gallery__item thumbnail\"\r\n                                    style=\"background-image: url(https:\/\/us.edu.pl\/instytut\/ip\/wp-content\/uploads\/sites\/33\/Bez-kategorii\/Poznan-5-1024x768.jpg)\"> <span class=\"d-none\">https:\/\/us.edu.pl\/instytut\/ip\/wp-content\/uploads\/sites\/33\/Bez-kategorii\/Poznan-5.jpg<\/span> <\/a><a data-fancybox-group=\"button\" title=\"\" data-fancybox=\"5537\" href=\"https:\/\/us.edu.pl\/instytut\/ip\/wp-content\/uploads\/sites\/33\/Bez-kategorii\/poznan-1.jpg\" class=\"gallery__item thumbnail\"\r\n                                    style=\"background-image: url(https:\/\/us.edu.pl\/instytut\/ip\/wp-content\/uploads\/sites\/33\/Bez-kategorii\/poznan-1-768x1024.jpg)\"> <span class=\"d-none\">https:\/\/us.edu.pl\/instytut\/ip\/wp-content\/uploads\/sites\/33\/Bez-kategorii\/poznan-1.jpg<\/span> <\/a>\r\n                            <\/div>\r\n                    <\/div>\r\n                <\/div>[\/vc_column][\/vc_row]<\/p>","protected":false},"excerpt":{"rendered":"<p>[vc_row][vc_column][\/vc_column][\/vc_row][vc_row][vc_column][\/vc_column][\/vc_row][vc_row][vc_column][\/vc_column][\/vc_row][vc_row][vc_column][\/vc_column][\/vc_row][vc_row][vc_column][\/vc_column][\/vc_row][vc_row][vc_column][\/vc_column][\/vc_row] [&#8230;]<\/p>\n<p><a class=\"btn btn-secondary understrap-read-more-link\" href=\"https:\/\/us.edu.pl\/instytut\/ip\/2025\/05\/30\/udzial-pracownikow-i-studentow-instytutu-psychologii-us-w-iv-ogolnopolskiej-konferencji-parentologicznej\/\">Read More&#8230;<\/a><\/p>\n","protected":false},"author":159,"featured_media":10138,"comment_status":"open","ping_status":"open","sticky":false,"template":"","format":"standard","meta":{"_expiration-date-status":"","_expiration-date":0,"_expiration-date-type":"","_expiration-date-categories":[],"_expiration-date-options":[]},"categories":[27,34],"tags":[],"acf":[],"_links":{"self":[{"href":"https:\/\/us.edu.pl\/instytut\/ip\/wp-json\/wp\/v2\/posts\/10116"}],"collection":[{"href":"https:\/\/us.edu.pl\/instytut\/ip\/wp-json\/wp\/v2\/posts"}],"about":[{"href":"https:\/\/us.edu.pl\/instytut\/ip\/wp-json\/wp\/v2\/types\/post"}],"author":[{"embeddable":true,"href":"https:\/\/us.edu.pl\/instytut\/ip\/wp-json\/wp\/v2\/users\/159"}],"replies":[{"embeddable":true,"href":"https:\/\/us.edu.pl\/instytut\/ip\/wp-json\/wp\/v2\/comments?post=10116"}],"version-history":[{"count":1,"href":"https:\/\/us.edu.pl\/instytut\/ip\/wp-json\/wp\/v2\/posts\/10116\/revisions"}],"predecessor-version":[{"id":10139,"href":"https:\/\/us.edu.pl\/instytut\/ip\/wp-json\/wp\/v2\/posts\/10116\/revisions\/10139"}],"wp:featuredmedia":[{"embeddable":true,"href":"https:\/\/us.edu.pl\/instytut\/ip\/wp-json\/wp\/v2\/media\/10138"}],"wp:attachment":[{"href":"https:\/\/us.edu.pl\/instytut\/ip\/wp-json\/wp\/v2\/media?parent=10116"}],"wp:term":[{"taxonomy":"category","embeddable":true,"href":"https:\/\/us.edu.pl\/instytut\/ip\/wp-json\/wp\/v2\/categories?post=10116"},{"taxonomy":"post_tag","embeddable":true,"href":"https:\/\/us.edu.pl\/instytut\/ip\/wp-json\/wp\/v2\/tags?post=10116"}],"curies":[{"name":"wp","href":"https:\/\/api.w.org\/{rel}","templated":true}]}}