{"id":10263,"date":"2025-06-08T13:51:45","date_gmt":"2025-06-08T11:51:45","guid":{"rendered":"https:\/\/us.edu.pl\/instytut\/ip\/?p=10263"},"modified":"2025-06-08T13:51:45","modified_gmt":"2025-06-08T11:51:45","slug":"psychologia-i-kosmos-edukacyjne-spotkanie-us-w-zwiazku-z-misja-polskiego-astronauty","status":"publish","type":"post","link":"https:\/\/us.edu.pl\/instytut\/ip\/2025\/06\/08\/psychologia-i-kosmos-edukacyjne-spotkanie-us-w-zwiazku-z-misja-polskiego-astronauty\/","title":{"rendered":"Psychologia i kosmos \u2013 edukacyjne spotkanie U\u015a w zwi\u0105zku z misj\u0105 polskiego astronauty"},"content":{"rendered":"<p>[vc_row][vc_column]\r\n                <div class=\"text-modules \">\r\n                    <div class=\"container\">\r\n                         \r\n                        <div class=\"row m-0\">\r\n                            <div class=\"text-modules__content\">\r\n                                <\/p>\n<p style=\"text-align: justify;\"><span style=\"font-size: 14pt;\">W dniu 6 czerwca 2025 roku w auli Wydzia\u0142u Humanistycznego Uniwersytetu \u015al\u0105skiego odby\u0142o si\u0119 wydarzenie edukacyjne po\u015bwi\u0119cone tematyce bada\u0144 kosmicznych. Uczestnicy mogli wzi\u0105\u0107 udzia\u0142 w wyk\u0142adach i warsztatach prowadzonych przez badaczy i badaczki z Uniwersytetu \u015al\u0105skiego oraz zaproszonych go\u015bci. Wydarzenie zainaugurowa\u0142a dr Katarzyna Trynda, prof. U\u015a \u2013 Prorektor ds. studenckich i kszta\u0142cenia.<\/span><br \/>\n<span style=\"font-size: 14pt;\">W programie znalaz\u0142y si\u0119 m.in. wyst\u0105pienie dr Agnieszki Skorupy i dr. Mateusza Paligi, prof. U\u015a dotycz\u0105ce psychologicznej selekcji astronaut\u00f3w, warsztat dr Dagny Kocur, prof. U\u015a po\u015bwi\u0119cony uwa\u017cno\u015bci, a tak\u017ce transmisja na \u017cywo ze Stacji Badawczej LunAres. Go\u015bcinnie wyst\u0105pili r\u00f3wnie\u017c przedstawiciele Centrum Bada\u0144 Kosmicznych PAN i Europejskiej Agencji Kosmicznej.<\/span><br \/>\n<span style=\"font-size: 14pt;\">Spotkanie by\u0142o okazj\u0105 do popularyzacji wiedzy z zakresu bada\u0144 kosmicznych oraz pokazania roli psychologii w przygotowaniach do misji za\u0142ogowych. Uczestnikami wydarzenia by\u0142a m\u0142odzie\u017c szkolna z regionu, kt\u00f3ra aktywnie bra\u0142a udzia\u0142 w wyk\u0142adach i warsztatach, zadaj\u0105c pytania i dziel\u0105c si\u0119 refleksjami.<\/span><\/p>\n<div class=\"mt-3\"><\/div>\r\n                            <\/div>\r\n                            \r\n                            <div class=\"text-modules__img\"><img src=\"https:\/\/us.edu.pl\/instytut\/ip\/wp-content\/uploads\/sites\/33\/ASTROMENTAL\/WhatsApp-Image-2025-06-06-at-20.37.12-1.jpeg\" alt=\"img\"><\/div>\r\n                        <\/div>\r\n                    <\/div>\r\n                <\/div>[\/vc_column][\/vc_row][vc_row][vc_column]            \r\n                    <div class=\"container\">\r\n                        <div class=\"gallery gallery_4\" data-images-in-row=\"4\">\r\n                            \r\n                            <div class=\"row m-0\">\r\n                                <a data-fancybox-group=\"button\" title=\"\" data-fancybox=\"3075\" href=\"https:\/\/us.edu.pl\/instytut\/ip\/wp-content\/uploads\/sites\/33\/ASTROMENTAL\/WhatsApp-Image-2025-06-06-at-20.37.31.jpeg\" class=\"gallery__item thumbnail\"\r\n                                    style=\"background-image: url(https:\/\/us.edu.pl\/instytut\/ip\/wp-content\/uploads\/sites\/33\/ASTROMENTAL\/WhatsApp-Image-2025-06-06-at-20.37.31-1024x768.jpeg)\"> <span class=\"d-none\">https:\/\/us.edu.pl\/instytut\/ip\/wp-content\/uploads\/sites\/33\/ASTROMENTAL\/WhatsApp-Image-2025-06-06-at-20.37.31.jpeg<\/span> <\/a><a data-fancybox-group=\"button\" title=\"\" data-fancybox=\"3075\" href=\"https:\/\/us.edu.pl\/instytut\/ip\/wp-content\/uploads\/sites\/33\/ASTROMENTAL\/WhatsApp-Image-2025-06-06-at-20.37.31-2.jpeg\" class=\"gallery__item thumbnail\"\r\n                                    style=\"background-image: url(https:\/\/us.edu.pl\/instytut\/ip\/wp-content\/uploads\/sites\/33\/ASTROMENTAL\/WhatsApp-Image-2025-06-06-at-20.37.31-2-1024x768.jpeg)\"> <span class=\"d-none\">https:\/\/us.edu.pl\/instytut\/ip\/wp-content\/uploads\/sites\/33\/ASTROMENTAL\/WhatsApp-Image-2025-06-06-at-20.37.31-2.jpeg<\/span> <\/a><a data-fancybox-group=\"button\" title=\"\" data-fancybox=\"3075\" href=\"https:\/\/us.edu.pl\/instytut\/ip\/wp-content\/uploads\/sites\/33\/ASTROMENTAL\/WhatsApp-Image-2025-06-06-at-20.37.31-1.jpeg\" class=\"gallery__item thumbnail\"\r\n                                    style=\"background-image: url(https:\/\/us.edu.pl\/instytut\/ip\/wp-content\/uploads\/sites\/33\/ASTROMENTAL\/WhatsApp-Image-2025-06-06-at-20.37.31-1-768x1024.jpeg)\"> <span class=\"d-none\">https:\/\/us.edu.pl\/instytut\/ip\/wp-content\/uploads\/sites\/33\/ASTROMENTAL\/WhatsApp-Image-2025-06-06-at-20.37.31-1.jpeg<\/span> <\/a><a data-fancybox-group=\"button\" title=\"\" data-fancybox=\"3075\" href=\"https:\/\/us.edu.pl\/instytut\/ip\/wp-content\/uploads\/sites\/33\/ASTROMENTAL\/WhatsApp-Image-2025-06-06-at-20.37.30.jpeg\" class=\"gallery__item thumbnail\"\r\n                                    style=\"background-image: url(https:\/\/us.edu.pl\/instytut\/ip\/wp-content\/uploads\/sites\/33\/ASTROMENTAL\/WhatsApp-Image-2025-06-06-at-20.37.30-1024x768.jpeg)\"> <span class=\"d-none\">https:\/\/us.edu.pl\/instytut\/ip\/wp-content\/uploads\/sites\/33\/ASTROMENTAL\/WhatsApp-Image-2025-06-06-at-20.37.30.jpeg<\/span> <\/a><a data-fancybox-group=\"button\" title=\"\" data-fancybox=\"3075\" href=\"https:\/\/us.edu.pl\/instytut\/ip\/wp-content\/uploads\/sites\/33\/ASTROMENTAL\/WhatsApp-Image-2025-06-06-at-20.37.29.jpeg\" class=\"gallery__item thumbnail\"\r\n                                    style=\"background-image: url(https:\/\/us.edu.pl\/instytut\/ip\/wp-content\/uploads\/sites\/33\/ASTROMENTAL\/WhatsApp-Image-2025-06-06-at-20.37.29-1024x768.jpeg)\"> <span class=\"d-none\">https:\/\/us.edu.pl\/instytut\/ip\/wp-content\/uploads\/sites\/33\/ASTROMENTAL\/WhatsApp-Image-2025-06-06-at-20.37.29.jpeg<\/span> <\/a><a data-fancybox-group=\"button\" title=\"\" data-fancybox=\"3075\" href=\"https:\/\/us.edu.pl\/instytut\/ip\/wp-content\/uploads\/sites\/33\/ASTROMENTAL\/WhatsApp-Image-2025-06-06-at-20.37.12-1.jpeg\" class=\"gallery__item thumbnail\"\r\n                                    style=\"background-image: url(https:\/\/us.edu.pl\/instytut\/ip\/wp-content\/uploads\/sites\/33\/ASTROMENTAL\/WhatsApp-Image-2025-06-06-at-20.37.12-1-1024x768.jpeg)\"> <span class=\"d-none\">https:\/\/us.edu.pl\/instytut\/ip\/wp-content\/uploads\/sites\/33\/ASTROMENTAL\/WhatsApp-Image-2025-06-06-at-20.37.12-1.jpeg<\/span> <\/a>\r\n                            <\/div>\r\n                    <\/div>\r\n                <\/div>[\/vc_column][\/vc_row]<\/p>","protected":false},"excerpt":{"rendered":"<p>[vc_row][vc_column][\/vc_column][\/vc_row][vc_row][vc_column][\/vc_column][\/vc_row] [&#8230;]<\/p>\n<p><a class=\"btn btn-secondary understrap-read-more-link\" href=\"https:\/\/us.edu.pl\/instytut\/ip\/2025\/06\/08\/psychologia-i-kosmos-edukacyjne-spotkanie-us-w-zwiazku-z-misja-polskiego-astronauty\/\">Read More&#8230;<\/a><\/p>\n","protected":false},"author":159,"featured_media":10268,"comment_status":"open","ping_status":"open","sticky":false,"template":"","format":"standard","meta":{"_expiration-date-status":"","_expiration-date":0,"_expiration-date-type":"","_expiration-date-categories":[],"_expiration-date-options":[]},"categories":[24,23],"tags":[],"acf":[],"_links":{"self":[{"href":"https:\/\/us.edu.pl\/instytut\/ip\/wp-json\/wp\/v2\/posts\/10263"}],"collection":[{"href":"https:\/\/us.edu.pl\/instytut\/ip\/wp-json\/wp\/v2\/posts"}],"about":[{"href":"https:\/\/us.edu.pl\/instytut\/ip\/wp-json\/wp\/v2\/types\/post"}],"author":[{"embeddable":true,"href":"https:\/\/us.edu.pl\/instytut\/ip\/wp-json\/wp\/v2\/users\/159"}],"replies":[{"embeddable":true,"href":"https:\/\/us.edu.pl\/instytut\/ip\/wp-json\/wp\/v2\/comments?post=10263"}],"version-history":[{"count":1,"href":"https:\/\/us.edu.pl\/instytut\/ip\/wp-json\/wp\/v2\/posts\/10263\/revisions"}],"predecessor-version":[{"id":10280,"href":"https:\/\/us.edu.pl\/instytut\/ip\/wp-json\/wp\/v2\/posts\/10263\/revisions\/10280"}],"wp:featuredmedia":[{"embeddable":true,"href":"https:\/\/us.edu.pl\/instytut\/ip\/wp-json\/wp\/v2\/media\/10268"}],"wp:attachment":[{"href":"https:\/\/us.edu.pl\/instytut\/ip\/wp-json\/wp\/v2\/media?parent=10263"}],"wp:term":[{"taxonomy":"category","embeddable":true,"href":"https:\/\/us.edu.pl\/instytut\/ip\/wp-json\/wp\/v2\/categories?post=10263"},{"taxonomy":"post_tag","embeddable":true,"href":"https:\/\/us.edu.pl\/instytut\/ip\/wp-json\/wp\/v2\/tags?post=10263"}],"curies":[{"name":"wp","href":"https:\/\/api.w.org\/{rel}","templated":true}]}}