{"id":10432,"date":"2025-06-25T19:32:21","date_gmt":"2025-06-25T17:32:21","guid":{"rendered":"https:\/\/us.edu.pl\/instytut\/ip\/?p=10432"},"modified":"2025-06-25T19:32:21","modified_gmt":"2025-06-25T17:32:21","slug":"dr-agnieszka-skorupa-wziela-udzial-w-panelu-dyskusyjnym-z-udzialem-reprezentantow-polskich-badan-kosmicznych","status":"publish","type":"post","link":"https:\/\/us.edu.pl\/instytut\/ip\/2025\/06\/25\/dr-agnieszka-skorupa-wziela-udzial-w-panelu-dyskusyjnym-z-udzialem-reprezentantow-polskich-badan-kosmicznych\/","title":{"rendered":"Dr Agnieszka Skorupa wzi\u0119\u0142a udzia\u0142 w panelu dyskusyjnym z udzia\u0142em reprezentant\u00f3w polskich bada\u0144 kosmicznych"},"content":{"rendered":"","protected":false},"excerpt":{"rendered":"<p> [&#8230;]<\/p>\n<p><a class=\"btn btn-secondary understrap-read-more-link\" href=\"https:\/\/us.edu.pl\/instytut\/ip\/2025\/06\/25\/dr-agnieszka-skorupa-wziela-udzial-w-panelu-dyskusyjnym-z-udzialem-reprezentantow-polskich-badan-kosmicznych\/\">Read More&#8230;<\/a><\/p>\n","protected":false},"author":159,"featured_media":10434,"comment_status":"open","ping_status":"open","sticky":false,"template":"","format":"standard","meta":{"_expiration-date-status":"","_expiration-date":0,"_expiration-date-type":"","_expiration-date-categories":[],"_expiration-date-options":[]},"categories":[27],"tags":[],"acf":[],"_links":{"self":[{"href":"https:\/\/us.edu.pl\/instytut\/ip\/wp-json\/wp\/v2\/posts\/10432"}],"collection":[{"href":"https:\/\/us.edu.pl\/instytut\/ip\/wp-json\/wp\/v2\/posts"}],"about":[{"href":"https:\/\/us.edu.pl\/instytut\/ip\/wp-json\/wp\/v2\/types\/post"}],"author":[{"embeddable":true,"href":"https:\/\/us.edu.pl\/instytut\/ip\/wp-json\/wp\/v2\/users\/159"}],"replies":[{"embeddable":true,"href":"https:\/\/us.edu.pl\/instytut\/ip\/wp-json\/wp\/v2\/comments?post=10432"}],"version-history":[{"count":1,"href":"https:\/\/us.edu.pl\/instytut\/ip\/wp-json\/wp\/v2\/posts\/10432\/revisions"}],"predecessor-version":[{"id":10435,"href":"https:\/\/us.edu.pl\/instytut\/ip\/wp-json\/wp\/v2\/posts\/10432\/revisions\/10435"}],"wp:featuredmedia":[{"embeddable":true,"href":"https:\/\/us.edu.pl\/instytut\/ip\/wp-json\/wp\/v2\/media\/10434"}],"wp:attachment":[{"href":"https:\/\/us.edu.pl\/instytut\/ip\/wp-json\/wp\/v2\/media?parent=10432"}],"wp:term":[{"taxonomy":"category","embeddable":true,"href":"https:\/\/us.edu.pl\/instytut\/ip\/wp-json\/wp\/v2\/categories?post=10432"},{"taxonomy":"post_tag","embeddable":true,"href":"https:\/\/us.edu.pl\/instytut\/ip\/wp-json\/wp\/v2\/tags?post=10432"}],"curies":[{"name":"wp","href":"https:\/\/api.w.org\/{rel}","templated":true}]}}