{"id":10779,"date":"2025-09-12T12:35:41","date_gmt":"2025-09-12T10:35:41","guid":{"rendered":"https:\/\/us.edu.pl\/instytut\/ip\/?p=10779"},"modified":"2025-09-12T12:35:41","modified_gmt":"2025-09-12T10:35:41","slug":"badaczki-uniwersytetu-slaskiego-na-kongresie-eabct-w-glasgow","status":"publish","type":"post","link":"https:\/\/us.edu.pl\/instytut\/ip\/2025\/09\/12\/badaczki-uniwersytetu-slaskiego-na-kongresie-eabct-w-glasgow\/","title":{"rendered":"Badaczki Uniwersytetu \u015al\u0105skiego na kongresie EABCT w Glasgow"},"content":{"rendered":"<p>[vc_row][vc_column]\r\n                <div class=\"text-modules \">\r\n                    <div class=\"container\">\r\n                         \r\n                        <div class=\"row m-0\">\r\n                            <div class=\"text-modules__content\">\r\n                                <\/p>\n<p style=\"text-align: justify;\" data-start=\"168\" data-end=\"445\"><span style=\"font-size: 14pt;\">W dniach <strong data-start=\"177\" data-end=\"203\">3\u20136 wrze\u015bnia 2025 roku<\/strong> dr <strong data-start=\"207\" data-end=\"226\">Anna Pyszkowska<\/strong> oraz mgr <strong data-start=\"236\" data-end=\"254\">Natalia Dziura<\/strong> ze Szko\u0142y Doktorskiej Uniwersytetu \u015al\u0105skiego w Katowicach uczestniczy\u0142y w <strong data-start=\"329\" data-end=\"415\">55. kongresie European Association for Behavioural and Cognitive Therapies (EABCT)<\/strong>, kt\u00f3ry odby\u0142 si\u0119 w Glasgow.<\/span><\/p>\n<p style=\"text-align: justify;\" data-start=\"447\" data-end=\"707\"><span style=\"font-size: 14pt;\">Podczas wydarzenia badaczki zaprezentowa\u0142y poster pt. <em data-start=\"501\" data-end=\"620\">\u201eGame on but pay the price: research and practical implications on dual nature of hyperfocus among adult ADHD gamers\u201d<\/em>, po\u015bwi\u0119cony problematyce podw\u00f3jnej natury hiperfokusu w\u015br\u00f3d doros\u0142ych graczy z ADHD.<\/span><\/p>\n<p style=\"text-align: justify;\" data-start=\"709\" data-end=\"993\"><span style=\"font-size: 14pt;\">Ponadto dr Anna Pyszkowska wzi\u0119\u0142a udzia\u0142 w specjalistycznych szkoleniach doskonal\u0105cych dotycz\u0105cych wsparcia psychoterapeutycznego os\u00f3b doros\u0142ych w spektrum autyzmu, a tak\u017ce nawi\u0105za\u0142a nowe mi\u0119dzynarodowe wsp\u00f3\u0142prace z o\u015brodkami badawczymi zajmuj\u0105cymi si\u0119 problematyk\u0105 neuroatypowo\u015bci.<\/span><\/p>\n<div class=\"mt-3\"><\/div>\r\n                            <\/div>\r\n                            \r\n                            <div class=\"text-modules__img\"><img src=\"https:\/\/us.edu.pl\/instytut\/ip\/wp-content\/uploads\/sites\/33\/Bez-kategorii\/20250903_130406-scaled.jpg\" alt=\"img\"><\/div>\r\n                        <\/div>\r\n                    <\/div>\r\n                <\/div>[\/vc_column][\/vc_row][vc_row][vc_column]            \r\n                    <div class=\"container\">\r\n                        <div class=\"gallery gallery_2\" data-images-in-row=\"2\">\r\n                            \r\n                            <div class=\"row m-0\">\r\n                                <a data-fancybox-group=\"button\" title=\"\" data-fancybox=\"3007\" href=\"https:\/\/us.edu.pl\/instytut\/ip\/wp-content\/uploads\/sites\/33\/Bez-kategorii\/20250906_084853-scaled.jpg\" class=\"gallery__item thumbnail\"\r\n                                    style=\"background-image: url(https:\/\/us.edu.pl\/instytut\/ip\/wp-content\/uploads\/sites\/33\/Bez-kategorii\/20250906_084853-768x1024.jpg)\"> <span class=\"d-none\">https:\/\/us.edu.pl\/instytut\/ip\/wp-content\/uploads\/sites\/33\/Bez-kategorii\/20250906_084853-scaled.jpg<\/span> <\/a><a data-fancybox-group=\"button\" title=\"\" data-fancybox=\"3007\" href=\"https:\/\/us.edu.pl\/instytut\/ip\/wp-content\/uploads\/sites\/33\/Bez-kategorii\/20250906_1041132-scaled.jpg\" class=\"gallery__item thumbnail\"\r\n                                    style=\"background-image: url(https:\/\/us.edu.pl\/instytut\/ip\/wp-content\/uploads\/sites\/33\/Bez-kategorii\/20250906_1041132-768x1024.jpg)\"> <span class=\"d-none\">https:\/\/us.edu.pl\/instytut\/ip\/wp-content\/uploads\/sites\/33\/Bez-kategorii\/20250906_1041132-scaled.jpg<\/span> <\/a>\r\n                            <\/div>\r\n                    <\/div>\r\n                <\/div>[\/vc_column][\/vc_row]<\/p>","protected":false},"excerpt":{"rendered":"<p>[vc_row][vc_column][\/vc_column][\/vc_row][vc_row][vc_column][\/vc_column][\/vc_row] [&#8230;]<\/p>\n<p><a class=\"btn btn-secondary understrap-read-more-link\" href=\"https:\/\/us.edu.pl\/instytut\/ip\/2025\/09\/12\/badaczki-uniwersytetu-slaskiego-na-kongresie-eabct-w-glasgow\/\">Read More&#8230;<\/a><\/p>\n","protected":false},"author":159,"featured_media":10780,"comment_status":"open","ping_status":"open","sticky":false,"template":"","format":"standard","meta":{"_expiration-date-status":"","_expiration-date":0,"_expiration-date-type":"","_expiration-date-categories":[],"_expiration-date-options":[]},"categories":[27],"tags":[],"acf":[],"_links":{"self":[{"href":"https:\/\/us.edu.pl\/instytut\/ip\/wp-json\/wp\/v2\/posts\/10779"}],"collection":[{"href":"https:\/\/us.edu.pl\/instytut\/ip\/wp-json\/wp\/v2\/posts"}],"about":[{"href":"https:\/\/us.edu.pl\/instytut\/ip\/wp-json\/wp\/v2\/types\/post"}],"author":[{"embeddable":true,"href":"https:\/\/us.edu.pl\/instytut\/ip\/wp-json\/wp\/v2\/users\/159"}],"replies":[{"embeddable":true,"href":"https:\/\/us.edu.pl\/instytut\/ip\/wp-json\/wp\/v2\/comments?post=10779"}],"version-history":[{"count":1,"href":"https:\/\/us.edu.pl\/instytut\/ip\/wp-json\/wp\/v2\/posts\/10779\/revisions"}],"predecessor-version":[{"id":10783,"href":"https:\/\/us.edu.pl\/instytut\/ip\/wp-json\/wp\/v2\/posts\/10779\/revisions\/10783"}],"wp:featuredmedia":[{"embeddable":true,"href":"https:\/\/us.edu.pl\/instytut\/ip\/wp-json\/wp\/v2\/media\/10780"}],"wp:attachment":[{"href":"https:\/\/us.edu.pl\/instytut\/ip\/wp-json\/wp\/v2\/media?parent=10779"}],"wp:term":[{"taxonomy":"category","embeddable":true,"href":"https:\/\/us.edu.pl\/instytut\/ip\/wp-json\/wp\/v2\/categories?post=10779"},{"taxonomy":"post_tag","embeddable":true,"href":"https:\/\/us.edu.pl\/instytut\/ip\/wp-json\/wp\/v2\/tags?post=10779"}],"curies":[{"name":"wp","href":"https:\/\/api.w.org\/{rel}","templated":true}]}}