{"id":10867,"date":"2025-10-06T16:04:25","date_gmt":"2025-10-06T14:04:25","guid":{"rendered":"https:\/\/us.edu.pl\/instytut\/ip\/?p=10867"},"modified":"2025-10-06T16:06:00","modified_gmt":"2025-10-06T14:06:00","slug":"10867","status":"publish","type":"post","link":"https:\/\/us.edu.pl\/instytut\/ip\/2025\/10\/06\/10867\/","title":{"rendered":"Dr hab. Monika Stojek, prof. U\u015a, w debacie Radia Katowice podczas Mi\u0119dzyuczelnianej Inauguracji Roku Akademickiego!"},"content":{"rendered":"<p>[vc_row][vc_column]\r\n                <div class=\"text-modules \">\r\n                    <div class=\"container\">\r\n                         \r\n                        <div class=\"row m-0\">\r\n                            <div class=\"text-modules__content\">\r\n                                <\/p>\n<p style=\"text-align: justify;\" data-start=\"196\" data-end=\"318\"><span style=\"font-size: 14pt;\">\ud83c\udf93\u00a0<\/span><span style=\"font-size: 14pt;\">Dr hab. <strong data-start=\"328\" data-end=\"355\">Monika Stojek, prof. U\u015a<\/strong>, zosta\u0142a zaproszona do udzia\u0142u w debacie pt.<\/span><br data-start=\"400\" data-end=\"403\" \/><span style=\"font-size: 14pt;\"><strong data-start=\"403\" data-end=\"464\">\u201eCzy tylko przemys\u0142 zbrojeniowy buduje odporno\u015b\u0107 pa\u0144stwa\u201d<\/strong>,<\/span><br data-start=\"465\" data-end=\"468\" \/><span style=\"font-size: 14pt;\">zorganizowanej przez <strong data-start=\"489\" data-end=\"507\">Radio Katowice<\/strong> w ramach <strong data-start=\"517\" data-end=\"569\">Mi\u0119dzyuczelnianej Inauguracji Roku Akademickiego<\/strong>.<\/span><\/p>\n<p style=\"text-align: justify;\" data-start=\"572\" data-end=\"731\"><span style=\"font-size: 14pt;\">W swoim wyst\u0105pieniu prof. Stojek porusza\u0142a m.in. zagadnienia <strong data-start=\"633\" data-end=\"665\">rezyliencji w obliczu stresu<\/strong> oraz sposoby <strong data-start=\"679\" data-end=\"730\">wzmacniania odporno\u015bci psychicznej i spo\u0142ecznej<\/strong>.<\/span><\/p>\n<p style=\"text-align: justify;\" data-start=\"733\" data-end=\"833\"><span style=\"font-size: 14pt;\">W panelu uczestniczyli tak\u017ce:<\/span><br data-start=\"762\" data-end=\"765\" \/><span style=\"font-size: 14pt;\">\ud83d\udc64 dr hab. Micha\u0142 K\u0142osi\u0144ski<\/span><br data-start=\"792\" data-end=\"795\" \/><span style=\"font-size: 14pt;\">\ud83d\udc64 Marcin Ga\u0142kiewicz<\/span><br data-start=\"815\" data-end=\"818\" \/><span style=\"font-size: 14pt;\">\ud83d\udc64 Ihor Pilko<\/span><\/p>\n<p style=\"text-align: justify;\" data-start=\"835\" data-end=\"1123\"><span style=\"font-size: 14pt;\">Dzi\u0119ki unikatowej ekspertyzie ka\u017cdego z panelist\u00f3w dyskusja by\u0142a niezwykle inspiruj\u0105ca i pokaza\u0142a rol\u0119 <strong data-start=\"938\" data-end=\"979\">nauki, medycyny, samorz\u0105d\u00f3w i biznesu<\/strong> w budowaniu odporno\u015bci i obronno\u015bci pa\u0144stwa.<\/span><br data-start=\"1024\" data-end=\"1027\" \/><span style=\"font-size: 14pt;\">Serdecznie dzi\u0119kujemy panu <strong data-start=\"1054\" data-end=\"1078\">\u0141ukaszowi \u0141askawcowi<\/strong> za moderowanie tej pasjonuj\u0105cej debaty! \ud83d\udc4f<\/span><\/p>\n<p style=\"text-align: justify;\" data-start=\"1125\" data-end=\"1356\"><span style=\"font-size: 14pt;\">\ud83c\udf99\ufe0f Po zako\u0144czeniu panelu prof. <strong data-start=\"1157\" data-end=\"1174\">Monika Stojek<\/strong> udzieli\u0142a r\u00f3wnie\u017c kr\u00f3tkiego wywiadu na antenie <strong data-start=\"1222\" data-end=\"1240\">Radia Katowice<\/strong>, w kt\u00f3rym \u2013 w rozmowie z <strong data-start=\"1266\" data-end=\"1284\">Agnieszk\u0105 Loch<\/strong> \u2013 opowiedzia\u0142a o <strong data-start=\"1302\" data-end=\"1353\">efektywnych sposobach radzenia sobie ze stresem<\/strong>.<\/span><\/p>\n<div class=\"mt-3\"><\/div>\r\n                            <\/div>\r\n                            \r\n                            <div class=\"text-modules__img\"><img src=\"https:\/\/us.edu.pl\/instytut\/ip\/wp-content\/uploads\/sites\/33\/Bez-kategorii\/20250930_120945-scaled.jpg\" alt=\"img\"><\/div>\r\n                        <\/div>\r\n                    <\/div>\r\n                <\/div>[\/vc_column][\/vc_row]<\/p>","protected":false},"excerpt":{"rendered":"<p>[vc_row][vc_column][\/vc_column][\/vc_row] [&#8230;]<\/p>\n<p><a class=\"btn btn-secondary understrap-read-more-link\" href=\"https:\/\/us.edu.pl\/instytut\/ip\/2025\/10\/06\/10867\/\">Read More&#8230;<\/a><\/p>\n","protected":false},"author":159,"featured_media":10868,"comment_status":"open","ping_status":"open","sticky":false,"template":"","format":"standard","meta":{"_expiration-date-status":"","_expiration-date":0,"_expiration-date-type":"","_expiration-date-categories":[],"_expiration-date-options":[]},"categories":[27],"tags":[],"acf":[],"_links":{"self":[{"href":"https:\/\/us.edu.pl\/instytut\/ip\/wp-json\/wp\/v2\/posts\/10867"}],"collection":[{"href":"https:\/\/us.edu.pl\/instytut\/ip\/wp-json\/wp\/v2\/posts"}],"about":[{"href":"https:\/\/us.edu.pl\/instytut\/ip\/wp-json\/wp\/v2\/types\/post"}],"author":[{"embeddable":true,"href":"https:\/\/us.edu.pl\/instytut\/ip\/wp-json\/wp\/v2\/users\/159"}],"replies":[{"embeddable":true,"href":"https:\/\/us.edu.pl\/instytut\/ip\/wp-json\/wp\/v2\/comments?post=10867"}],"version-history":[{"count":2,"href":"https:\/\/us.edu.pl\/instytut\/ip\/wp-json\/wp\/v2\/posts\/10867\/revisions"}],"predecessor-version":[{"id":10871,"href":"https:\/\/us.edu.pl\/instytut\/ip\/wp-json\/wp\/v2\/posts\/10867\/revisions\/10871"}],"wp:featuredmedia":[{"embeddable":true,"href":"https:\/\/us.edu.pl\/instytut\/ip\/wp-json\/wp\/v2\/media\/10868"}],"wp:attachment":[{"href":"https:\/\/us.edu.pl\/instytut\/ip\/wp-json\/wp\/v2\/media?parent=10867"}],"wp:term":[{"taxonomy":"category","embeddable":true,"href":"https:\/\/us.edu.pl\/instytut\/ip\/wp-json\/wp\/v2\/categories?post=10867"},{"taxonomy":"post_tag","embeddable":true,"href":"https:\/\/us.edu.pl\/instytut\/ip\/wp-json\/wp\/v2\/tags?post=10867"}],"curies":[{"name":"wp","href":"https:\/\/api.w.org\/{rel}","templated":true}]}}