{"id":10880,"date":"2025-10-08T13:08:46","date_gmt":"2025-10-08T11:08:46","guid":{"rendered":"https:\/\/us.edu.pl\/instytut\/ip\/?p=10880"},"modified":"2025-10-08T13:10:58","modified_gmt":"2025-10-08T11:10:58","slug":"filmowe-spotkania-z-psychologia-pokaz-filmu-byc-kochana-polaczony-z-dyskusja","status":"publish","type":"post","link":"https:\/\/us.edu.pl\/instytut\/ip\/2025\/10\/08\/filmowe-spotkania-z-psychologia-pokaz-filmu-byc-kochana-polaczony-z-dyskusja\/","title":{"rendered":"Filmowe spotkania z psychologi\u0105 &#8211; pokaz filmu &#8222;By\u0107 kochan\u0105&#8221; po\u0142\u0105czony z dyskusj\u0105"},"content":{"rendered":"<p>[vc_row][vc_column]\r\n                <div class=\"text-modules \">\r\n                    <div class=\"container\">\r\n                         \r\n                        <div class=\"row m-0\">\r\n                            <div class=\"text-modules__content\">\r\n                                <\/p>\n<p style=\"text-align: justify;\"><span style=\"font-size: 14pt;\">We wtorek 21 pa\u017adziernika o godz. 18.15 w kinie studyjnym \u015awiatowid (ul. 3 Maja 7, Katowice) odb\u0119dzie si\u0119 pokaz filmu &#8222;By\u0107 kochan\u0105&#8221; (Norwegia, 2024; 105\u00a0min). Wydarzenie organizowane jest w ramach cyklu &#8222;Filmowe spotkania z psychologi\u0105&#8221;.\u00a0<\/span><\/p>\n<p style=\"text-align: justify;\"><span style=\"font-size: 14pt;\">&#8222;By\u0107 kochan\u0105&#8221; &#8211; nowy film producent\u00f3w &#8222;Najgorszego cz\u0142owieka na \u015bwiecie&#8221; &#8211; przewrotnie przypomina, \u017ce najwa\u017cniejsza z mi\u0142o\u015bci to ta, kt\u00f3r\u0105 obdarzamy siebie samych. Czerpi\u0105c z w\u0142asnych do\u015bwiadcze\u0144, debiutuj\u0105ca w pe\u0142nym metra\u017cu Lilja Ingolfsdottir stworzy\u0142a wielowymiarow\u0105 opowie\u015b\u0107 o kobiecie, kt\u00f3ra po pora\u017cce pierwszego zwi\u0105zku ma odwag\u0119 da\u0107 sobie drug\u0105 szans\u0119. Wyr\u00f3\u017cniony a\u017c pi\u0119cioma nagrodami na festiwalu w Karlowych Warach oraz niekwestionowany zwyci\u0119zca norweskiego odpowiednika Oscar\u00f3w, &#8222;By\u0107 kochan\u0105&#8221; urzeka empati\u0105 i szczero\u015bci\u0105 w stawianiu pyta\u0144 o mi\u0142o\u015b\u0107, blisko\u015b\u0107 i samoakceptacj\u0119.<\/span><\/p>\n<p style=\"text-align: justify;\"><span style=\"font-size: 14pt;\">Rozmow\u0119 po filmie poprowadzi dr Marta Banout &#8211; psychoterapeutka, psycholo\u017cka, absolwentka psychologii Uniwersytetu \u015al\u0105skiego.<\/span><\/p>\n<p style=\"text-align: justify;\"><span style=\"font-size: 14pt;\">Wi\u0119cej informacji o wydarzeniu:\u00a0<a href=\"https:\/\/swiatowid.katowice.pl\/movies\/filmowe-spotkania-z-psychologia-byc-kochana\/\" target=\"_blank\" rel=\"noopener noreferrer\">https:\/\/swiatowid.katowice.pl\/movies\/filmowe-spotkania-z-psychologia-byc-kochana\/<\/a><\/span><\/p>\n<div class=\"mt-3\"><\/div>\r\n                            <\/div>\r\n                            \r\n                            <div class=\"text-modules__img\"><img src=\"https:\/\/us.edu.pl\/instytut\/ip\/wp-content\/uploads\/sites\/33\/film\/geoffrey-moffett-TFRezw7pQwI-unsplash-scaled.jpg\" alt=\"img\"><\/div>\r\n                        <\/div>\r\n                    <\/div>\r\n                <\/div>[\/vc_column][\/vc_row]<\/p>","protected":false},"excerpt":{"rendered":"<p>[vc_row][vc_column][\/vc_column][\/vc_row] [&#8230;]<\/p>\n<p><a class=\"btn btn-secondary understrap-read-more-link\" href=\"https:\/\/us.edu.pl\/instytut\/ip\/2025\/10\/08\/filmowe-spotkania-z-psychologia-pokaz-filmu-byc-kochana-polaczony-z-dyskusja\/\">Read More&#8230;<\/a><\/p>\n","protected":false},"author":159,"featured_media":10883,"comment_status":"open","ping_status":"open","sticky":false,"template":"","format":"standard","meta":{"_expiration-date-status":"","_expiration-date":0,"_expiration-date-type":"","_expiration-date-categories":[],"_expiration-date-options":[]},"categories":[33,24,23],"tags":[],"acf":[],"_links":{"self":[{"href":"https:\/\/us.edu.pl\/instytut\/ip\/wp-json\/wp\/v2\/posts\/10880"}],"collection":[{"href":"https:\/\/us.edu.pl\/instytut\/ip\/wp-json\/wp\/v2\/posts"}],"about":[{"href":"https:\/\/us.edu.pl\/instytut\/ip\/wp-json\/wp\/v2\/types\/post"}],"author":[{"embeddable":true,"href":"https:\/\/us.edu.pl\/instytut\/ip\/wp-json\/wp\/v2\/users\/159"}],"replies":[{"embeddable":true,"href":"https:\/\/us.edu.pl\/instytut\/ip\/wp-json\/wp\/v2\/comments?post=10880"}],"version-history":[{"count":2,"href":"https:\/\/us.edu.pl\/instytut\/ip\/wp-json\/wp\/v2\/posts\/10880\/revisions"}],"predecessor-version":[{"id":10888,"href":"https:\/\/us.edu.pl\/instytut\/ip\/wp-json\/wp\/v2\/posts\/10880\/revisions\/10888"}],"wp:featuredmedia":[{"embeddable":true,"href":"https:\/\/us.edu.pl\/instytut\/ip\/wp-json\/wp\/v2\/media\/10883"}],"wp:attachment":[{"href":"https:\/\/us.edu.pl\/instytut\/ip\/wp-json\/wp\/v2\/media?parent=10880"}],"wp:term":[{"taxonomy":"category","embeddable":true,"href":"https:\/\/us.edu.pl\/instytut\/ip\/wp-json\/wp\/v2\/categories?post=10880"},{"taxonomy":"post_tag","embeddable":true,"href":"https:\/\/us.edu.pl\/instytut\/ip\/wp-json\/wp\/v2\/tags?post=10880"}],"curies":[{"name":"wp","href":"https:\/\/api.w.org\/{rel}","templated":true}]}}