{"id":11510,"date":"2026-06-27T13:34:58","date_gmt":"2026-06-27T11:34:58","guid":{"rendered":"https:\/\/us.edu.pl\/instytut\/ip\/?p=11510"},"modified":"2026-06-27T13:38:26","modified_gmt":"2026-06-27T11:38:26","slug":"dr-agnieszka-skorupa-prof-us-uczestniczka-konferencji-ekosystem-kosmiczny-rok-po-misji-ignis","status":"publish","type":"post","link":"https:\/\/us.edu.pl\/instytut\/ip\/2026\/06\/27\/dr-agnieszka-skorupa-prof-us-uczestniczka-konferencji-ekosystem-kosmiczny-rok-po-misji-ignis\/","title":{"rendered":"Dr Agnieszka Skorupa, prof. U\u015a, uczestniczk\u0105 konferencji \u201eEkosystem kosmiczny rok po misji IGNIS\u201d"},"content":{"rendered":"<p>[vc_row][vc_column]\r\n                <div class=\"text-modules \">\r\n                    <div class=\"container\">\r\n                         \r\n                        <div class=\"row m-0\">\r\n                            <div class=\"text-modules__content\">\r\n                                <span style=\"font-size: 14pt;\">Dr Agnieszka Skorupa, prof. U\u015a, z Instytutu Psychologii Uniwersytetu \u015al\u0105skiego, kieruj\u0105ca projektem AstroMentalHealth, wzi\u0119\u0142a udzia\u0142 w konferencji naukowej \u201eEkosystem kosmiczny rok po misji IGNIS\u201d, kt\u00f3ra odby\u0142a si\u0119 25 czerwca 2026 r. w Szkole G\u0142\u00f3wnej Handlowej w Warszawie.<\/span><\/p>\n<p><span style=\"font-size: 14pt;\">Wydarzenie zosta\u0142o zorganizowane z okazji pierwszej rocznicy lotu dr. S\u0142awosza Uzna\u0144skiego-Wi\u015bniewskiego na Mi\u0119dzynarodow\u0105 Stacj\u0119 Kosmiczn\u0105. Konferencja po\u015bwi\u0119cona by\u0142a podsumowaniu osi\u0105gni\u0119\u0107 polskiego sektora kosmicznego po misji IGNIS oraz dyskusji nad jego dalszym rozwojem w kontek\u015bcie nauki, gospodarki i innowacji.<\/span><\/p>\n<p><span style=\"font-size: 14pt;\">Dr Agnieszka Skorupa, prof. U\u015a, uczestniczy\u0142a w panelu eksperckim \u201eMisja IGNIS jako akcelerator polskiego sektora kosmicznego\u201d jako przedstawicielka eksperyment\u00f3w naukowych realizowanych podczas misji IGNIS. W panelu udzia\u0142 wzi\u0119li tak\u017ce m.in. dr S\u0142awosz Uzna\u0144ski-Wi\u015bniewski, polski astronauta projektowy ESA, dr Aleksandra Buka\u0142a z PIAP Space, by\u0142a szefowa misji IGNIS, oraz Piotr Zabada\u0142a z Ministerstwa Rozwoju i Technologii.<\/span><\/p>\n<p><span style=\"font-size: 14pt;\">Udzia\u0142 przedstawicielki Instytutu Psychologii U\u015a w wydarzeniu podkre\u015bla znaczenie wsp\u00f3\u0142pracy \u00a0interdyscyplinarnej dla rozwoju polskiego sektora kosmicznego.<\/span><\/p>\n<p><span style=\"font-size: 14pt;\">Wi\u0119cej informacji o wydarzeniu: https:\/\/www.sgh.waw.pl\/wydarzenia\/ekosystem-kosmiczny-rok-po-misji-ignis<\/span> \r\n                                <div class=\"mt-3\"><\/div>\r\n                            <\/div>\r\n                            \r\n                            <div class=\"text-modules__img\"><img src=\"https:\/\/us.edu.pl\/instytut\/ip\/wp-content\/uploads\/sites\/33\/Bez-kategorii\/20260625_144545-scaled.jpg\" alt=\"img\"><\/div>\r\n                        <\/div>\r\n                    <\/div>\r\n                <\/div>[\/vc_column][\/vc_row][vc_row][vc_column]            \r\n                \r\n                <div class=\"container\">\r\n                     <div class=\"gallery-big \">\r\n                        \r\n                        <div class=\"row m-0\">\r\n                        <a data-fancybox=\"225\" href=\"https:\/\/us.edu.pl\/instytut\/ip\/wp-content\/uploads\/sites\/33\/Bez-kategorii\/20260625_123120-scaled.jpg\"\r\n                        title=\"\" \r\n                        class=\"gallery-big__item gallery-big__item_big thumbnail\"\r\n                        style=\"background-image: url(https:\/\/us.edu.pl\/instytut\/ip\/wp-content\/uploads\/sites\/33\/Bez-kategorii\/20260625_123120-768x1024.jpg)\"><span class=\"d-none\">https:\/\/us.edu.pl\/instytut\/ip\/wp-content\/uploads\/sites\/33\/Bez-kategorii\/20260625_123120-scaled.jpg<\/span><\/a><div class=\"gallery-big__small-items\">\r\n                        <a data-fancybox=\"225\" href=\"https:\/\/us.edu.pl\/instytut\/ip\/wp-content\/uploads\/sites\/33\/Bez-kategorii\/IMG-20260625-WA0032-scaled.jpg\"\r\n                        title=\"\" \r\n                        class=\"gallery-big__item  thumbnail\"\r\n                        style=\"background-image: url(https:\/\/us.edu.pl\/instytut\/ip\/wp-content\/uploads\/sites\/33\/Bez-kategorii\/IMG-20260625-WA0032-774x1024.jpg)\"><span class=\"d-none\">https:\/\/us.edu.pl\/instytut\/ip\/wp-content\/uploads\/sites\/33\/Bez-kategorii\/IMG-20260625-WA0032-scaled.jpg<\/span><\/a>\r\n                        <a data-fancybox=\"225\" href=\"https:\/\/us.edu.pl\/instytut\/ip\/wp-content\/uploads\/sites\/33\/Bez-kategorii\/20260625_144545-scaled.jpg\"\r\n                        title=\"\" \r\n                        class=\"gallery-big__item  thumbnail\"\r\n                        style=\"background-image: url(https:\/\/us.edu.pl\/instytut\/ip\/wp-content\/uploads\/sites\/33\/Bez-kategorii\/20260625_144545-699x1024.jpg)\"><span class=\"d-none\">https:\/\/us.edu.pl\/instytut\/ip\/wp-content\/uploads\/sites\/33\/Bez-kategorii\/20260625_144545-scaled.jpg<\/span><\/a><\/div><\/div>\r\n                    <\/div>\r\n                <\/div>[\/vc_column][\/vc_row]<\/p>","protected":false},"excerpt":{"rendered":"<p>[vc_row][vc_column][\/vc_column][\/vc_row][vc_row][vc_column][\/vc_column][\/vc_row] [&#8230;]<\/p>\n<p><a class=\"btn btn-secondary understrap-read-more-link\" href=\"https:\/\/us.edu.pl\/instytut\/ip\/2026\/06\/27\/dr-agnieszka-skorupa-prof-us-uczestniczka-konferencji-ekosystem-kosmiczny-rok-po-misji-ignis\/\">Read More&#8230;<\/a><\/p>\n","protected":false},"author":159,"featured_media":11513,"comment_status":"open","ping_status":"open","sticky":false,"template":"","format":"standard","meta":{"_expiration-date-status":"","_expiration-date":0,"_expiration-date-type":"","_expiration-date-categories":[],"_expiration-date-options":[]},"categories":[27],"tags":[],"acf":[],"_links":{"self":[{"href":"https:\/\/us.edu.pl\/instytut\/ip\/wp-json\/wp\/v2\/posts\/11510"}],"collection":[{"href":"https:\/\/us.edu.pl\/instytut\/ip\/wp-json\/wp\/v2\/posts"}],"about":[{"href":"https:\/\/us.edu.pl\/instytut\/ip\/wp-json\/wp\/v2\/types\/post"}],"author":[{"embeddable":true,"href":"https:\/\/us.edu.pl\/instytut\/ip\/wp-json\/wp\/v2\/users\/159"}],"replies":[{"embeddable":true,"href":"https:\/\/us.edu.pl\/instytut\/ip\/wp-json\/wp\/v2\/comments?post=11510"}],"version-history":[{"count":1,"href":"https:\/\/us.edu.pl\/instytut\/ip\/wp-json\/wp\/v2\/posts\/11510\/revisions"}],"predecessor-version":[{"id":11514,"href":"https:\/\/us.edu.pl\/instytut\/ip\/wp-json\/wp\/v2\/posts\/11510\/revisions\/11514"}],"wp:featuredmedia":[{"embeddable":true,"href":"https:\/\/us.edu.pl\/instytut\/ip\/wp-json\/wp\/v2\/media\/11513"}],"wp:attachment":[{"href":"https:\/\/us.edu.pl\/instytut\/ip\/wp-json\/wp\/v2\/media?parent=11510"}],"wp:term":[{"taxonomy":"category","embeddable":true,"href":"https:\/\/us.edu.pl\/instytut\/ip\/wp-json\/wp\/v2\/categories?post=11510"},{"taxonomy":"post_tag","embeddable":true,"href":"https:\/\/us.edu.pl\/instytut\/ip\/wp-json\/wp\/v2\/tags?post=11510"}],"curies":[{"name":"wp","href":"https:\/\/api.w.org\/{rel}","templated":true}]}}