{"id":11571,"date":"2026-08-31T17:01:54","date_gmt":"2026-08-31T15:01:54","guid":{"rendered":"https:\/\/us.edu.pl\/instytut\/ip\/?p=11571"},"modified":"2026-08-31T17:06:11","modified_gmt":"2026-08-31T15:06:11","slug":"pracowniczki-instytutu-psychologii-us-na-euro-asian-scientific-congress-on-mental-health-w-gdansku","status":"publish","type":"post","link":"https:\/\/us.edu.pl\/instytut\/ip\/2026\/08\/31\/pracowniczki-instytutu-psychologii-us-na-euro-asian-scientific-congress-on-mental-health-w-gdansku\/","title":{"rendered":"Pracowniczki Instytutu Psychologii U\u015a na Euro-Asian Scientific Congress on Mental Health w Gda\u0144sku"},"content":{"rendered":"<p>[vc_row][vc_column]\r\n                <div class=\"text-modules \">\r\n                    <div class=\"container\">\r\n                         \r\n                        <div class=\"row m-0\">\r\n                            <div class=\"text-modules__content\">\r\n                                <\/p>\n<p class=\"isSelectedEnd\">W dniach <strong>25\u201328 sierpnia 2026 r. w Gda\u0144sku<\/strong> odby\u0142 si\u0119 <strong>The Euro-Asian Scientific Congress on Mental Health<\/strong> \u2013 mi\u0119dzynarodowy kongres po\u015bwi\u0119cony zdrowiu psychicznemu w perspektywie mi\u0119dzykulturowej, \u0142\u0105cz\u0105cy badaczy i ekspert\u00f3w z Europy i Azji.<\/p>\n<p class=\"isSelectedEnd\">Wydarzenie zosta\u0142o zorganizowane w ramach projektu <strong>Applied Social Psychology in an Intercultural Context: Synergies between UG and Vietnam (ASPIC)<\/strong> (nr BNI\/PST\/2023\/1\/00078\/U\/00001), finansowanego przez <strong>Narodow\u0105 Agencj\u0119 Wymiany Akademickiej (NAWA)<\/strong> w ramach programu Partnerstwa Strategicznego. Kongres stanowi\u0142 przestrze\u0144 wymiany wiedzy, do\u015bwiadcze\u0144 i wynik\u00f3w bada\u0144 dotycz\u0105cych zdrowia psychicznego, ze szczeg\u00f3lnym uwzgl\u0119dnieniem jego uwarunkowa\u0144 kulturowych, spo\u0142ecznych i psychologicznych.<\/p>\n<p class=\"isSelectedEnd\">W Kongresie aktywnie uczestniczy\u0142y <strong>pracowniczki Instytutu Psychologii Uniwersytetu \u015al\u0105skiego w Katowicach: dr hab. Michalina Ilska, prof. U\u015a, mgr Natalia Morawiec oraz dr Edyta Charzy\u0144ska, prof. U\u015a<\/strong>.<\/p>\n<p class=\"isSelectedEnd\"><strong>Dr hab. Michalina Ilska, prof. U\u015a i mgr Natalia Morawiec<\/strong> wzi\u0119\u0142y udzia\u0142 w sesji <strong>\u201eMaternal Mental Health in Pregnancy, Childbirth, and Postpartum \u2013 A Cross-Cultural Perspective\u201d<\/strong>, po\u015bwi\u0119conej zdrowiu psychicznemu kobiet w okresie ci\u0105\u017cy, porodu i po\u0142ogu w perspektywie mi\u0119dzykulturowej. Przedstawi\u0142y wyst\u0105pienie: <strong>\u201eObstetric Violence Across the Perinatal Period: Measurement, Psychosocial Mechanisms, and Mental Health Outcomes\u201d <\/strong>dotycz\u0105ce przemocy po\u0142o\u017cniczej w okresie oko\u0142oporodowym, jej pomiaru, mechanizm\u00f3w psychospo\u0142ecznych oraz znaczenia dla zdrowia psychicznego kobiet.<\/p>\n<p class=\"isSelectedEnd\"><strong>Dr Edyta Charzy\u0144ska, prof. U\u015a<\/strong> wsp\u00f3\u0142przewodniczy\u0142a natomiast, wraz z <strong>Tran Thu Huong (USSH)<\/strong>, sesji <strong>\u201eThe Bright and Dark Sides of Spirituality in Mental Health\u201d<\/strong>, koncentruj\u0105cej si\u0119 na z\u0142o\u017conych zwi\u0105zkach duchowo\u015bci ze zdrowiem psychicznym.<\/p>\n<p class=\"isSelectedEnd\">W ramach tej sesji <strong>dr Edyta Charzy\u0144ska, prof. U\u015a,<\/strong> Jon R. Webb i Devin J. Mills zaprezentowali wyst\u0105pienie: <strong>\u201eBalanced Spirituality Matters: Latent Profiles and Mental Health Outcome\u201d<\/strong>, po\u015bwi\u0119cone profilom duchowo\u015bci oraz ich zwi\u0105zkowi z funkcjonowaniem i zdrowiem psychicznym.<\/p>\n<p>Udzia\u0142 przedstawicielek Instytutu Psychologii U\u015a w kongresie by\u0142 okazj\u0105 do prezentacji wynik\u00f3w prowadzonych bada\u0144, wymiany do\u015bwiadcze\u0144 z badaczami z r\u00f3\u017cnych kraj\u00f3w oraz rozwijania mi\u0119dzynarodowej wsp\u00f3\u0142pracy naukowej w obszarze zdrowia psychicznego. \r\n                                <div class=\"mt-3\"><\/div>\r\n                            <\/div>\r\n                            \r\n                            <div class=\"text-modules__img\"><img src=\"https:\/\/us.edu.pl\/instytut\/ip\/wp-content\/uploads\/sites\/33\/Bez-kategorii\/WhatsApp-Image-2026-08-29-at-19.02.43.jpeg\" alt=\"img\"><\/div>\r\n                        <\/div>\r\n                    <\/div>\r\n                <\/div>[\/vc_column][\/vc_row][vc_row][vc_column]            \r\n                    <div class=\"container\">\r\n                        <div class=\"gallery gallery_4\" data-images-in-row=\"4\">\r\n                            \r\n                            <div class=\"row m-0\">\r\n                                <a data-fancybox-group=\"button\" title=\"\" data-fancybox=\"857\" href=\"https:\/\/us.edu.pl\/instytut\/ip\/wp-content\/uploads\/sites\/33\/Bez-kategorii\/WhatsApp-Image-2026-08-29-at-21.20.57.jpeg\" class=\"gallery__item thumbnail\"\r\n                                    style=\"background-image: url(https:\/\/us.edu.pl\/instytut\/ip\/wp-content\/uploads\/sites\/33\/Bez-kategorii\/WhatsApp-Image-2026-08-29-at-21.20.57-1024x684.jpeg)\"> <span class=\"d-none\">https:\/\/us.edu.pl\/instytut\/ip\/wp-content\/uploads\/sites\/33\/Bez-kategorii\/WhatsApp-Image-2026-08-29-at-21.20.57.jpeg<\/span> <\/a><a data-fancybox-group=\"button\" title=\"\" data-fancybox=\"857\" href=\"https:\/\/us.edu.pl\/instytut\/ip\/wp-content\/uploads\/sites\/33\/Bez-kategorii\/WhatsApp-Image-2026-08-29-at-19.02.43.jpeg\" class=\"gallery__item thumbnail\"\r\n                                    style=\"background-image: url(https:\/\/us.edu.pl\/instytut\/ip\/wp-content\/uploads\/sites\/33\/Bez-kategorii\/WhatsApp-Image-2026-08-29-at-19.02.43-1024x771.jpeg)\"> <span class=\"d-none\">https:\/\/us.edu.pl\/instytut\/ip\/wp-content\/uploads\/sites\/33\/Bez-kategorii\/WhatsApp-Image-2026-08-29-at-19.02.43.jpeg<\/span> <\/a><a data-fancybox-group=\"button\" title=\"\" data-fancybox=\"857\" href=\"https:\/\/us.edu.pl\/instytut\/ip\/wp-content\/uploads\/sites\/33\/Bez-kategorii\/WhatsApp-Image-2026-08-29-at-17.23.57.jpeg\" class=\"gallery__item thumbnail\"\r\n                                    style=\"background-image: url(https:\/\/us.edu.pl\/instytut\/ip\/wp-content\/uploads\/sites\/33\/Bez-kategorii\/WhatsApp-Image-2026-08-29-at-17.23.57-768x1024.jpeg)\"> <span class=\"d-none\">https:\/\/us.edu.pl\/instytut\/ip\/wp-content\/uploads\/sites\/33\/Bez-kategorii\/WhatsApp-Image-2026-08-29-at-17.23.57.jpeg<\/span> <\/a><a data-fancybox-group=\"button\" title=\"\" data-fancybox=\"857\" href=\"https:\/\/us.edu.pl\/instytut\/ip\/wp-content\/uploads\/sites\/33\/Bez-kategorii\/WhatsApp-Image-2026-08-27-at-11.02.00.jpeg\" class=\"gallery__item thumbnail\"\r\n                                    style=\"background-image: url(https:\/\/us.edu.pl\/instytut\/ip\/wp-content\/uploads\/sites\/33\/Bez-kategorii\/WhatsApp-Image-2026-08-27-at-11.02.00-1024x771.jpeg)\"> <span class=\"d-none\">https:\/\/us.edu.pl\/instytut\/ip\/wp-content\/uploads\/sites\/33\/Bez-kategorii\/WhatsApp-Image-2026-08-27-at-11.02.00.jpeg<\/span> <\/a>\r\n                            <\/div>\r\n                    <\/div>\r\n                <\/div>[\/vc_column][\/vc_row]<\/p>","protected":false},"excerpt":{"rendered":"<p>[vc_row][vc_column][\/vc_column][\/vc_row][vc_row][vc_column][\/vc_column][\/vc_row] [&#8230;]<\/p>\n<p><a class=\"btn btn-secondary understrap-read-more-link\" href=\"https:\/\/us.edu.pl\/instytut\/ip\/2026\/08\/31\/pracowniczki-instytutu-psychologii-us-na-euro-asian-scientific-congress-on-mental-health-w-gdansku\/\">Read More&#8230;<\/a><\/p>\n","protected":false},"author":159,"featured_media":11574,"comment_status":"open","ping_status":"open","sticky":false,"template":"","format":"standard","meta":{"_expiration-date-status":"","_expiration-date":0,"_expiration-date-type":"","_expiration-date-categories":[],"_expiration-date-options":[]},"categories":[27],"tags":[],"acf":[],"_links":{"self":[{"href":"https:\/\/us.edu.pl\/instytut\/ip\/wp-json\/wp\/v2\/posts\/11571"}],"collection":[{"href":"https:\/\/us.edu.pl\/instytut\/ip\/wp-json\/wp\/v2\/posts"}],"about":[{"href":"https:\/\/us.edu.pl\/instytut\/ip\/wp-json\/wp\/v2\/types\/post"}],"author":[{"embeddable":true,"href":"https:\/\/us.edu.pl\/instytut\/ip\/wp-json\/wp\/v2\/users\/159"}],"replies":[{"embeddable":true,"href":"https:\/\/us.edu.pl\/instytut\/ip\/wp-json\/wp\/v2\/comments?post=11571"}],"version-history":[{"count":2,"href":"https:\/\/us.edu.pl\/instytut\/ip\/wp-json\/wp\/v2\/posts\/11571\/revisions"}],"predecessor-version":[{"id":11578,"href":"https:\/\/us.edu.pl\/instytut\/ip\/wp-json\/wp\/v2\/posts\/11571\/revisions\/11578"}],"wp:featuredmedia":[{"embeddable":true,"href":"https:\/\/us.edu.pl\/instytut\/ip\/wp-json\/wp\/v2\/media\/11574"}],"wp:attachment":[{"href":"https:\/\/us.edu.pl\/instytut\/ip\/wp-json\/wp\/v2\/media?parent=11571"}],"wp:term":[{"taxonomy":"category","embeddable":true,"href":"https:\/\/us.edu.pl\/instytut\/ip\/wp-json\/wp\/v2\/categories?post=11571"},{"taxonomy":"post_tag","embeddable":true,"href":"https:\/\/us.edu.pl\/instytut\/ip\/wp-json\/wp\/v2\/tags?post=11571"}],"curies":[{"name":"wp","href":"https:\/\/api.w.org\/{rel}","templated":true}]}}