{"id":6281,"date":"2024-03-17T17:49:37","date_gmt":"2024-03-17T16:49:37","guid":{"rendered":"https:\/\/us.edu.pl\/instytut\/ip\/?p=6281"},"modified":"2024-04-02T13:09:45","modified_gmt":"2024-04-02T11:09:45","slug":"dr-magdalena-sitko-dominik-dla-widzialnej-psychologii","status":"publish","type":"post","link":"https:\/\/us.edu.pl\/instytut\/ip\/2024\/03\/17\/dr-magdalena-sitko-dominik-dla-widzialnej-psychologii\/","title":{"rendered":"dr Magdalena Sitko-Dominik dla Widzialnej Psychologii"},"content":{"rendered":"<p>[vc_row][vc_column]\r\n                <div class=\"text-modules \">\r\n                    <div class=\"container\">\r\n                         \r\n                        <div class=\"row m-0\">\r\n                            <div class=\"text-modules__content\">\r\n                                <span style=\"font-size: 14pt;\"><strong>Tytu\u0142: <\/strong>Seria Policjanci: \u201ePolicjanci. Ulica\u201d; \u201ePolicjanci. Bez munduru\u201d; \u201ePolicjanci. W boju\u201d<\/span><\/p>\n<p><span style=\"font-size: 14pt;\"><strong>Autor: <\/strong>Katarzyna Puzy\u0144ska<\/span><\/p>\n<p><span style=\"font-size: 14pt;\"><strong>Gatunek: <\/strong>literatura faktu<\/span><\/p>\n<p><span style=\"font-size: 14pt;\"><strong>Zagadnienia psychologiczne: <\/strong>psychologia pracy i organizacji, psychologia kliniczna, psychologia spo\u0142eczna, psychologia bliskich zwi\u0105zk\u00f3w<\/span><\/p>\n<p><span style=\"font-size: 14pt;\"><strong>Kto poleca: <\/strong>dr Magdalena Sitko-Dominik<\/span><\/p>\n<p>&nbsp;<\/p>\n<p><span style=\"font-size: 14pt;\">Wszystko, co w naszym \u017cyciu najwa\u017cniejsze, zaczyna si\u0119 od rozmowy. Nie inaczej rzecz ma si\u0119 w wypadku serii \u201ePolicjanci\u201d autorstwa Katarzyny Puzy\u0144skiej. Psycholo\u017cka zaprasza nas do towarzyszenia w prowadzonych przez ni\u0105 rozmowach z funkcjonariuszkami i funkcjonariuszami policji. Dzi\u0119ki zamieszczonym, licznym przypisom stajemy si\u0119 za\u015b r\u00f3wnoprawnymi uczestnikami tych rozm\u00f3w, poniewa\u017c zar\u00f3wno wszystkie specjalistyczne okre\u015blenia, jak i przywo\u0142ywane wydarzenia zosta\u0142y przez ni\u0105 odpowiednio wyja\u015bnione.<\/span><\/p>\n<p><span style=\"font-size: 14pt;\">W tych intymnych rozmowach, podobnie jak w \u017cyciu, rado\u015b\u0107 miesza si\u0119 ze smutkiem. Funkcjonariusze opowiadaj\u0105 o tym, co na co dzie\u0144 przynosi im satysfakcj\u0119, przytaczaj\u0105 zabawne sytuacje z \u017cycia zawodowego, jak r\u00f3wnie\u017c relacjonuj\u0105, z jakimi wyzwaniami si\u0119 mierz\u0105 oraz o jakich wydarzeniach nie potrafi\u0105 zapomnie\u0107. Mo\u017cemy dowiedzie\u0107 si\u0119 zatem, co sk\u0142oni\u0142o rozm\u00f3wc\u00f3w i rozm\u00f3wczynie do podj\u0119cia s\u0142u\u017cby w policji oraz jakie s\u0105 tego konsekwencje zar\u00f3wno dla nich, jak i ich najbli\u017cszych. Mamy szans\u0119, aby skonfrontowa\u0107 nasze wyobra\u017cenia na temat s\u0142u\u017cby w policji, niejednokrotnie kreowane przez media i kinematografi\u0119, z rzeczywisto\u015bci\u0105. Rozmowy te sk\u0142aniaj\u0105 r\u00f3wnie\u017c do refleksji na temat wykorzystywanego przez nas na co dzie\u0144 j\u0119zyka. Czasami zapominamy bowiem o tym, \u017ce decyduj\u0105c si\u0119 na wyb\u00f3r konkretnych s\u0142\u00f3w, przyczyniamy si\u0119 do umacniania nieprawdziwych stereotyp\u00f3w.<\/span><\/p>\n<p><span style=\"font-size: 14pt;\">Dzi\u0119ki rozmowom przeprowadzonym przez Katarzyn\u0119 Puzy\u0144sk\u0105 mo\u017cemy holistycznie spojrze\u0107 na s\u0142u\u017cb\u0119 w policji, poniewa\u017c jej rozm\u00f3wcami i rozm\u00f3wczyniami s\u0105 osoby tak funkcjonariusze i funkcjonariuszki o zr\u00f3\u017cnicowanym sta\u017cu pracy, jak i osoby b\u0119d\u0105ce na emeryturze oraz ich bliscy, pokazuj\u0105cy jak wygl\u0105da s\u0142u\u017cba w policji z ich perspektywy.<\/span><\/p>\n<p><span style=\"font-size: 14pt;\">W pierwszej ksi\u0105\u017cce z serii, nosz\u0105cej tytu\u0142 \u201ePolicjanci. Ulica\u201d, Autorka rozmawia z policjantami ogniw patrolowo-interwencyjnych, wydzia\u0142u ruchu drogowego, a tak\u017ce z cz\u0142onkami oddzia\u0142\u00f3w prewencji. W drugiej, zatytu\u0142owanej \u201ePolicjanci. Bez munduru\u201d, rozm\u00f3wcami i rozm\u00f3wczyniami s\u0105 funkcjonariusze operacyjni i dochodzeniowi wydzia\u0142\u00f3w kryminalnych oraz Centralnego Biura \u015aledczego Policji i osoby, kt\u00f3re przewa\u017cnie realizuj\u0105 obowi\u0105zki zawodowe bez munduru, w tym: technik kryminalistyki, medyk s\u0105dowy czy te\u017c psycholog policyjny. Ostatnia ksi\u0105\u017cka z serii, czyli \u201ePolicjanci. W boju\u201d, to zapis rozm\u00f3w z policyjnymi antyterrorystami, ich partnerkami oraz \u017conami.<\/span><\/p>\n<p><span style=\"font-size: 14pt;\">Je\u017celi rozwa\u017cacie prac\u0119 psychologa policyjnego, zamierzacie zosta\u0107 funkcjonariuszami policji b\u0105d\u017a te\u017c zwyczajnie jeste\u015bcie ciekawi rzeczywisto\u015bci polskich policjant\u00f3w, warto si\u0119gn\u0105\u0107 po wspomniane pozycje. Dzi\u0119ki nim b\u0119dziecie mieli okazj\u0119 nieco lepiej pozna\u0107 spotykanych na co dzie\u0144, anonimowych superbohater\u00f3w i anonimowe superbohaterki, kt\u00f3rzy nie zawahaj\u0105 si\u0119 dla nas wype\u0142ni\u0107 rot\u0119 swojego \u015blubowania, je\u015bli znajdziemy si\u0119 w niebezpiecze\u0144stwie.<\/span> \r\n                                <div class=\"mt-3\"><a href=\"https:\/\/us.edu.pl\/instytut\/ip\/wspolpraca\/widzialna-psychologia\/psychologiczny-dom-kultury\/\" class=\"link-button mr-3 \">Psychologiczny Dom Kultury<\/a><\/div>\r\n                            <\/div>\r\n                            \r\n                            <div class=\"text-modules__img\"><img src=\"https:\/\/us.edu.pl\/instytut\/ip\/wp-content\/uploads\/sites\/33\/Bez-kategorii\/Policjanci-683x1024.jpg\" alt=\"img\"><\/div>\r\n                        <\/div>\r\n                    <\/div>\r\n                <\/div>[\/vc_column][\/vc_row]<\/p>","protected":false},"excerpt":{"rendered":"<p>[vc_row][vc_column][\/vc_column][\/vc_row] [&#8230;]<\/p>\n<p><a class=\"btn btn-secondary understrap-read-more-link\" href=\"https:\/\/us.edu.pl\/instytut\/ip\/2024\/03\/17\/dr-magdalena-sitko-dominik-dla-widzialnej-psychologii\/\">Read More&#8230;<\/a><\/p>\n","protected":false},"author":6627,"featured_media":6282,"comment_status":"open","ping_status":"open","sticky":false,"template":"","format":"standard","meta":{"_expiration-date-status":"","_expiration-date":0,"_expiration-date-type":"","_expiration-date-categories":[],"_expiration-date-options":[]},"categories":[27],"tags":[],"acf":[],"_links":{"self":[{"href":"https:\/\/us.edu.pl\/instytut\/ip\/wp-json\/wp\/v2\/posts\/6281"}],"collection":[{"href":"https:\/\/us.edu.pl\/instytut\/ip\/wp-json\/wp\/v2\/posts"}],"about":[{"href":"https:\/\/us.edu.pl\/instytut\/ip\/wp-json\/wp\/v2\/types\/post"}],"author":[{"embeddable":true,"href":"https:\/\/us.edu.pl\/instytut\/ip\/wp-json\/wp\/v2\/users\/6627"}],"replies":[{"embeddable":true,"href":"https:\/\/us.edu.pl\/instytut\/ip\/wp-json\/wp\/v2\/comments?post=6281"}],"version-history":[{"count":4,"href":"https:\/\/us.edu.pl\/instytut\/ip\/wp-json\/wp\/v2\/posts\/6281\/revisions"}],"predecessor-version":[{"id":6304,"href":"https:\/\/us.edu.pl\/instytut\/ip\/wp-json\/wp\/v2\/posts\/6281\/revisions\/6304"}],"wp:featuredmedia":[{"embeddable":true,"href":"https:\/\/us.edu.pl\/instytut\/ip\/wp-json\/wp\/v2\/media\/6282"}],"wp:attachment":[{"href":"https:\/\/us.edu.pl\/instytut\/ip\/wp-json\/wp\/v2\/media?parent=6281"}],"wp:term":[{"taxonomy":"category","embeddable":true,"href":"https:\/\/us.edu.pl\/instytut\/ip\/wp-json\/wp\/v2\/categories?post=6281"},{"taxonomy":"post_tag","embeddable":true,"href":"https:\/\/us.edu.pl\/instytut\/ip\/wp-json\/wp\/v2\/tags?post=6281"}],"curies":[{"name":"wp","href":"https:\/\/api.w.org\/{rel}","templated":true}]}}