{"id":6403,"date":"2024-05-10T18:40:16","date_gmt":"2024-05-10T16:40:16","guid":{"rendered":"https:\/\/us.edu.pl\/instytut\/ip\/?p=6403"},"modified":"2024-05-10T20:25:01","modified_gmt":"2024-05-10T18:25:01","slug":"prof-dr-hab-eugenia-mandal-na-xvi-europejskim-kongresie-gospodarczym-w-katowicach","status":"publish","type":"post","link":"https:\/\/us.edu.pl\/instytut\/ip\/2024\/05\/10\/prof-dr-hab-eugenia-mandal-na-xvi-europejskim-kongresie-gospodarczym-w-katowicach\/","title":{"rendered":"Prof. dr hab. Eugenia Mandal na XVI Europejskim Kongresie Gospodarczym w Katowicach"},"content":{"rendered":"<p>[vc_row][vc_column]\r\n                <div class=\"text-modules \">\r\n                    <div class=\"container\">\r\n                         \r\n                        <div class=\"row m-0\">\r\n                            <div class=\"text-modules__content\">\r\n                                <\/p>\n<p style=\"text-align: justify;\"><span style=\"font-size: 14pt;\">Prof. dr hab. Eugenia Mandal wzi\u0119\u0142a udzia\u0142 w XVI Europejskim Kongresie Gospodarczym (European Economic Congress), kt\u00f3ry odbywa\u0142\u00a0 si\u0119 w\u00a0 dniach 7-9 maja 2024, w Mi\u0119dzynarodowym Centrum Kongresowym w Katowicach.<\/span><\/p>\n<p style=\"text-align: justify;\"><span style=\"font-size: 14pt;\">Europejski Kongres Gospodarczy (European Economic Congress) mia\u0142 miejsce w dniach 7-9 maja 2024 w Mi\u0119dzynarodowym Centrum Kongresowym w Katowicach.<\/span><\/p>\n<p style=\"text-align: justify;\"><span style=\"font-size: 14pt;\">W\u015br\u00f3d go\u015bci kongresu obecni byli przedstawiciele polskich i zagranicznych firm, instytucji, organizacji oraz uczelni akademickich. Prelegentami by\u0142y takie osobisto\u015bci jak: Ursula\u00a0 von der Leyen kandydatka EPL na stanowisko Przewodnicz\u0105cej Komisji Europejskiej, Donald Tusk Prezes Rady Ministr\u00f3w, Mateusz Morawiecki Prezes Rady Ministr\u00f3w w latach 2017-2023, Dariusz Wieczorek Minister Nauki i Szkolnictwa Wy\u017cszego oraz wielu innych.<\/span><\/p>\n<p style=\"text-align: justify;\"><span style=\"font-size: 14pt;\"><a href=\"https:\/\/www.eecpoland.eu\/2024\/pl\/prelegenci\/\">https:\/\/www.eecpoland.eu\/2024\/pl\/prelegenci\/<\/a><\/span><\/p>\n<p style=\"text-align: justify;\"><span style=\"font-size: 14pt;\"><a href=\"https:\/\/www.eecpoland.eu\/2023\/pl\/\">https:\/\/www.eecpoland.eu\/2023\/pl\/<\/a><\/span><\/p>\n<div class=\"mt-3\"><\/div>\r\n                            <\/div>\r\n                            \r\n                            <div class=\"text-modules__img\"><img src=\"https:\/\/us.edu.pl\/instytut\/ip\/wp-content\/uploads\/sites\/33\/Bez-kategorii\/20240507_123418-kongres-3.jpg\" alt=\"img\"><\/div>\r\n                        <\/div>\r\n                    <\/div>\r\n                <\/div>[\/vc_column][\/vc_row]<\/p>","protected":false},"excerpt":{"rendered":"<p>[vc_row][vc_column][\/vc_column][\/vc_row] [&#8230;]<\/p>\n<p><a class=\"btn btn-secondary understrap-read-more-link\" href=\"https:\/\/us.edu.pl\/instytut\/ip\/2024\/05\/10\/prof-dr-hab-eugenia-mandal-na-xvi-europejskim-kongresie-gospodarczym-w-katowicach\/\">Read More&#8230;<\/a><\/p>\n","protected":false},"author":159,"featured_media":5972,"comment_status":"open","ping_status":"open","sticky":false,"template":"","format":"standard","meta":{"_expiration-date-status":"","_expiration-date":0,"_expiration-date-type":"","_expiration-date-categories":[],"_expiration-date-options":[]},"categories":[27],"tags":[],"acf":[],"_links":{"self":[{"href":"https:\/\/us.edu.pl\/instytut\/ip\/wp-json\/wp\/v2\/posts\/6403"}],"collection":[{"href":"https:\/\/us.edu.pl\/instytut\/ip\/wp-json\/wp\/v2\/posts"}],"about":[{"href":"https:\/\/us.edu.pl\/instytut\/ip\/wp-json\/wp\/v2\/types\/post"}],"author":[{"embeddable":true,"href":"https:\/\/us.edu.pl\/instytut\/ip\/wp-json\/wp\/v2\/users\/159"}],"replies":[{"embeddable":true,"href":"https:\/\/us.edu.pl\/instytut\/ip\/wp-json\/wp\/v2\/comments?post=6403"}],"version-history":[{"count":7,"href":"https:\/\/us.edu.pl\/instytut\/ip\/wp-json\/wp\/v2\/posts\/6403\/revisions"}],"predecessor-version":[{"id":6421,"href":"https:\/\/us.edu.pl\/instytut\/ip\/wp-json\/wp\/v2\/posts\/6403\/revisions\/6421"}],"wp:featuredmedia":[{"embeddable":true,"href":"https:\/\/us.edu.pl\/instytut\/ip\/wp-json\/wp\/v2\/media\/5972"}],"wp:attachment":[{"href":"https:\/\/us.edu.pl\/instytut\/ip\/wp-json\/wp\/v2\/media?parent=6403"}],"wp:term":[{"taxonomy":"category","embeddable":true,"href":"https:\/\/us.edu.pl\/instytut\/ip\/wp-json\/wp\/v2\/categories?post=6403"},{"taxonomy":"post_tag","embeddable":true,"href":"https:\/\/us.edu.pl\/instytut\/ip\/wp-json\/wp\/v2\/tags?post=6403"}],"curies":[{"name":"wp","href":"https:\/\/api.w.org\/{rel}","templated":true}]}}