{"id":6493,"date":"2024-06-04T16:28:16","date_gmt":"2024-06-04T14:28:16","guid":{"rendered":"https:\/\/us.edu.pl\/instytut\/ip\/?p=6493"},"modified":"2024-06-04T16:28:16","modified_gmt":"2024-06-04T14:28:16","slug":"commentary-w-journal-of-affective-disorders","status":"publish","type":"post","link":"https:\/\/us.edu.pl\/instytut\/ip\/2024\/06\/04\/commentary-w-journal-of-affective-disorders\/","title":{"rendered":"Commentary w Journal of Affective Disorders"},"content":{"rendered":"<p>[vc_row][vc_column]\r\n                <div class=\"text-modules\">\r\n                    <div class=\"container\">\r\n                        \r\n                        <div class=\"text-modules__content\"><\/p>\n<p style=\"text-align: justify;\"><span style=\"font-size: 14pt;\">Dr Marcin Moro\u0144 wraz ze studentami psychologii: Dariuszem Niedba\u0142\u0105, Mateuszem Mendrokiem i Januszem Pachem opublikowali w czasopi\u015bmie <em>Journal of Affective Disorders<\/em> komentarz do meta-analizy po\u015bwi\u0119conej zwi\u0105zkom mi\u0119dzy wczesnodzieci\u0119cymi nieadaptacyjnymi schematami a nasileniem objaw\u00f3w obsesyjno-kompulsywnych (OCD; Dostal i Pilkington, 2023). Z uwagi na fakt, i\u017c w \u017cadnym z metaanalizowanych bada\u0144 nie raportowano korelacji mi\u0119dzy 18 badanymi schematami, oparto si\u0119 na w\u0142asnych danych by pokaza\u0107, i\u017c brak uwzgl\u0119dniania wsp\u00f3\u0142zale\u017cno\u015bci mi\u0119dzy schematami mo\u017ce powodowa\u0107, i\u017c metaanalizowanie wsp\u00f3\u0142czynnik\u00f3w korelacji mi\u0119dzy poszczeg\u00f3lnym schematem a objawami psychopatologicznymi b\u0119dzie przeszacowane. Do wskazania tego efektu wykorzystano podej\u015bcie sieciowe do psychopatologii (<em>network approach<\/em>) pokazuj\u0105c, i\u017c w oparciu o korelacje cz\u0105stkowe albo <em>latent network model<\/em>, zaobserwowane w metaanalizie relacje mi\u0119dzy schematami a OCD mog\u0105 wynika\u0107 z korelacji mi\u0119dzy og\u00f3lnym czynnikiem nasycaj\u0105cym wszystkie schematy a intensywo\u015bci\u0105 objaw\u00f3w OCD. Alternatywnie, korygowanie ze wzgl\u0119du na wsp\u00f3\u0142zale\u017cno\u015b\u0107 mi\u0119dzy schematami mo\u017ce dawa\u0107 lepsze oszacownaie indywidualnych zwi\u0105zk\u00f3w mi\u0119dzy konkretnym schematem a objawem psychopatologicznym. Autorzy sugerowali, by w podobnych metaanalizach u\u015brednia\u0107 korelacje cz\u0105stkowe lub stosowa\u0107 bardziej z\u0142o\u017cone techniki analityczne (jak metaanalizy sieci), by poprawnie szacowa\u0107 badane zale\u017cno\u015bci dla poszczeg\u00f3lnych schemat\u00f3w. Komentarz stanowi g\u0142os w psychoterapii opartej na dowodach (<em>evidence-based practice)<\/em>, pokazuj\u0105c, i\u017c budowanie celowanych protoko\u0142\u00f3w terapeutycznych w terapii schemat\u00f3w powinno opiera\u0107 si\u0119 na poprawnej ocenie roli konkretnego schematu w danym syndromie klinicznym lub objawach subklinicznych.<\/span><\/p>\n<p style=\"text-align: justify;\"><span style=\"font-size: 14pt;\">Moro\u0144, M., Niedba\u0142a, D., Mendrok, M., &amp; Pach, J. (2024). How complex are the associations between early maladaptive schemas and obsessive-compulsive symptoms? Commentary on Dostal and Pilkington (2023) meta-analysis. <em>Journal of Affective Disorders, 360<\/em>, 1-4. https:\/\/doi.org\/10.1016\/j.jad.2024.05.137 (IF = 6.6)<\/span><\/p>\n<p style=\"text-align: justify;\"><span style=\"font-size: 14pt;\"><strong>Link do pobrania tekstu:<\/strong> <a href=\"https:\/\/authors.elsevier.com\/a\/1jAPnbXYiv0zk\">https:\/\/authors.elsevier.com\/a\/1jAPnbXYiv0zk<\/a><\/span><\/p>\n<p>\n<\/div>\r\n                    <\/div>\r\n                <\/div>[\/vc_column][\/vc_row]<\/p>","protected":false},"excerpt":{"rendered":"<p>[vc_row][vc_column][\/vc_column][\/vc_row] [&#8230;]<\/p>\n<p><a class=\"btn btn-secondary understrap-read-more-link\" href=\"https:\/\/us.edu.pl\/instytut\/ip\/2024\/06\/04\/commentary-w-journal-of-affective-disorders\/\">Read More&#8230;<\/a><\/p>\n","protected":false},"author":159,"featured_media":6193,"comment_status":"open","ping_status":"open","sticky":false,"template":"","format":"standard","meta":{"_expiration-date-status":"","_expiration-date":0,"_expiration-date-type":"","_expiration-date-categories":[],"_expiration-date-options":[]},"categories":[17,9],"tags":[],"acf":[],"_links":{"self":[{"href":"https:\/\/us.edu.pl\/instytut\/ip\/wp-json\/wp\/v2\/posts\/6493"}],"collection":[{"href":"https:\/\/us.edu.pl\/instytut\/ip\/wp-json\/wp\/v2\/posts"}],"about":[{"href":"https:\/\/us.edu.pl\/instytut\/ip\/wp-json\/wp\/v2\/types\/post"}],"author":[{"embeddable":true,"href":"https:\/\/us.edu.pl\/instytut\/ip\/wp-json\/wp\/v2\/users\/159"}],"replies":[{"embeddable":true,"href":"https:\/\/us.edu.pl\/instytut\/ip\/wp-json\/wp\/v2\/comments?post=6493"}],"version-history":[{"count":1,"href":"https:\/\/us.edu.pl\/instytut\/ip\/wp-json\/wp\/v2\/posts\/6493\/revisions"}],"predecessor-version":[{"id":6494,"href":"https:\/\/us.edu.pl\/instytut\/ip\/wp-json\/wp\/v2\/posts\/6493\/revisions\/6494"}],"wp:featuredmedia":[{"embeddable":true,"href":"https:\/\/us.edu.pl\/instytut\/ip\/wp-json\/wp\/v2\/media\/6193"}],"wp:attachment":[{"href":"https:\/\/us.edu.pl\/instytut\/ip\/wp-json\/wp\/v2\/media?parent=6493"}],"wp:term":[{"taxonomy":"category","embeddable":true,"href":"https:\/\/us.edu.pl\/instytut\/ip\/wp-json\/wp\/v2\/categories?post=6493"},{"taxonomy":"post_tag","embeddable":true,"href":"https:\/\/us.edu.pl\/instytut\/ip\/wp-json\/wp\/v2\/tags?post=6493"}],"curies":[{"name":"wp","href":"https:\/\/api.w.org\/{rel}","templated":true}]}}