{"id":6530,"date":"2024-06-11T17:45:20","date_gmt":"2024-06-11T15:45:20","guid":{"rendered":"https:\/\/us.edu.pl\/instytut\/ip\/?p=6530"},"modified":"2024-06-11T17:48:38","modified_gmt":"2024-06-11T15:48:38","slug":"zespol-prepare-lab-na-32-ogolnopolskiej-konferencji-psychologii-rozwojowej","status":"publish","type":"post","link":"https:\/\/us.edu.pl\/instytut\/ip\/2024\/06\/11\/zespol-prepare-lab-na-32-ogolnopolskiej-konferencji-psychologii-rozwojowej\/","title":{"rendered":"Zesp\u00f3\u0142 Prepare-Lab na 32 Og\u00f3lnopolskiej Konferencji Psychologii Rozwojowej"},"content":{"rendered":"<p>[vc_row][vc_column]\r\n                <div class=\"text-modules \">\r\n                    <div class=\"container\">\r\n                         \r\n                        <div class=\"row m-0\">\r\n                            <div class=\"text-modules__content\">\r\n                                <\/p>\n<p style=\"text-align: justify;\"><span style=\"font-size: 14pt;\">dr Anna Ko\u0142odziej-Zaleska i dr Michalina Ilska wraz ze studentkami psychologii (IV rok) zaanga\u017cowanymi w projekty <a href=\"https:\/\/us.edu.pl\/instytut\/ip\/nauka\/zespoly-badawcze\/projekty-naukowe-2\/pregnancy-parenthoodlab-prepare-lab\/\">Prepare-Lab<\/a> wzi\u0119\u0142y udzia\u0142 w 32 Og\u00f3lnopolskiej Konferencji Psychologii Rozwojowej w \u0141odzi.<\/span><\/p>\n<p style=\"text-align: justify;\"><span style=\"font-size: 14pt;\">Konferencja pt. \u201eWSP\u00d3\u0141CZESNE RODZICIELSTWO \u2013 DYLEMATY I WYZWANIA\u201d organizowana by\u0142a przez <b>Polskie Stowarzyszenie Psychologii Rozwoju Cz\u0142owieka i Instytut Psychologii Uniwersytetu \u0141\u00f3dzkiego<\/b>. Odby\u0142a si\u0119 w dniach 6-8 czerwca 2024r.<\/span><\/p>\n<p style=\"text-align: justify;\"><span style=\"font-size: 14pt;\">Badaczki zaprezentowa\u0142y 2 wyst\u0105pienia i jeden plakat.<\/span><\/p>\n<div class=\"mt-3\"><\/div>\r\n                            <\/div>\r\n                            \r\n                            <div class=\"text-modules__img\"><img src=\"https:\/\/us.edu.pl\/instytut\/ip\/wp-content\/uploads\/sites\/33\/Prepare-Lab\/WhatsApp-Image-2024-06-11-at-17.21.41.jpeg\" alt=\"img\"><\/div>\r\n                        <\/div>\r\n                    <\/div>\r\n                <\/div>[\/vc_column][\/vc_row][vc_row][vc_column]\r\n                <div class=\"text-modules \">\r\n                    <div class=\"container\">\r\n                         \r\n                        <div class=\"row m-0\">\r\n                            <div class=\"text-modules__content\">\r\n                                <span style=\"font-size: 14pt;\">Ko\u0142odziej-Zaleska, A., Ziaja, N., Wo\u017anik, A.,\u00a0 Czauderna, P. Ilska, M. Sen mamy w ci\u0105\u017cy i po porodzie &#8211; trajektorie jego zmian w kontek\u015bcie zdrowia psychicznego. Wst\u0119pne wyniki z bada\u0144 pod\u0142u\u017cnych SonnoMamma<\/span> \r\n                                <div class=\"mt-3\"><\/div>\r\n                            <\/div>\r\n                            \r\n                            <div class=\"text-modules__img\"><img src=\"https:\/\/us.edu.pl\/instytut\/ip\/wp-content\/uploads\/sites\/33\/Prepare-Lab\/WhatsApp-Image-2024-06-11-at-17.21.37.jpeg\" alt=\"img\"><\/div>\r\n                        <\/div>\r\n                    <\/div>\r\n                <\/div>[\/vc_column][\/vc_row][vc_row][vc_column]\r\n                <div class=\"text-modules \">\r\n                    <div class=\"container\">\r\n                         \r\n                        <div class=\"row m-0\">\r\n                            <div class=\"text-modules__content\">\r\n                                <\/p>\n<p style=\"text-align: justify;\"><span style=\"font-size: 14pt;\">Ko\u0142odziej-Zaleska, A., Morawiec, N., Olszewska, K., Poloczek, A.,\u00a0 Gancarz, Ilska, M. Sen mamy i niemowl\u0119cia miesi\u0105c, trzy i sze\u015b\u0107 miesi\u0119cy po porodzie &#8211; wyniki z projektu bada\u0144 pod\u0142u\u017cnych \u201cSonnoMamma\u201d<\/span><\/p>\n<div class=\"mt-3\"><\/div>\r\n                            <\/div>\r\n                            \r\n                            <div class=\"text-modules__img\"><img src=\"https:\/\/us.edu.pl\/instytut\/ip\/wp-content\/uploads\/sites\/33\/Prepare-Lab\/WhatsApp-Image-2024-06-11-at-17.21.36.jpeg\" alt=\"img\"><\/div>\r\n                        <\/div>\r\n                    <\/div>\r\n                <\/div>[\/vc_column][\/vc_row][vc_row][vc_column]\r\n                <div class=\"text-modules \">\r\n                    <div class=\"container\">\r\n                         \r\n                        <div class=\"row m-0\">\r\n                            <div class=\"text-modules__content\">\r\n                                <\/p>\n<p style=\"text-align: justify;\"><span style=\"font-size: 14pt;\">Ilska, M., Ko\u0142odziej-Zaleska, A. Profile psychologiczne matek niemowl\u0105t \u2013 analiza klasterowa z uwzgl\u0119dnieniem macierzy\u0144skiej pewno\u015bci siebie i wska\u017anik\u00f3w zdrowia psychicznego <\/span><\/p>\n<p style=\"text-align: justify;\"><strong><span style=\"font-size: 14pt;\">***Plakat nagrodzony Nagrod\u0105 G\u0142\u00f3wn\u0105 i Nagrod\u0105 Publiczno\u015bci***<\/span><\/strong><\/p>\n<div class=\"mt-3\"><\/div>\r\n                            <\/div>\r\n                            \r\n                            <div class=\"text-modules__img\"><img src=\"https:\/\/us.edu.pl\/instytut\/ip\/wp-content\/uploads\/sites\/33\/Prepare-Lab\/WhatsApp-Image-2024-06-11-at-17.25.11.jpeg\" alt=\"img\"><\/div>\r\n                        <\/div>\r\n                    <\/div>\r\n                <\/div>[\/vc_column][\/vc_row][vc_row][vc_column]            \r\n                    <div class=\"container\">\r\n                        <div class=\"gallery gallery_4\" data-images-in-row=\"4\">\r\n                            \r\n                            <div class=\"row m-0\">\r\n                                <a data-fancybox-group=\"button\" title=\"\" data-fancybox=\"389\" href=\"https:\/\/us.edu.pl\/instytut\/ip\/wp-content\/uploads\/sites\/33\/Prepare-Lab\/WhatsApp-Image-2024-06-11-at-17.24.40.jpeg\" class=\"gallery__item thumbnail\"\r\n                                    style=\"background-image: url(https:\/\/us.edu.pl\/instytut\/ip\/wp-content\/uploads\/sites\/33\/Prepare-Lab\/WhatsApp-Image-2024-06-11-at-17.24.40-768x1024.jpeg)\"> <span class=\"d-none\">https:\/\/us.edu.pl\/instytut\/ip\/wp-content\/uploads\/sites\/33\/Prepare-Lab\/WhatsApp-Image-2024-06-11-at-17.24.40.jpeg<\/span> <\/a><a data-fancybox-group=\"button\" title=\"\" data-fancybox=\"389\" href=\"https:\/\/us.edu.pl\/instytut\/ip\/wp-content\/uploads\/sites\/33\/Prepare-Lab\/WhatsApp-Image-2024-06-11-at-17.21.41.jpeg\" class=\"gallery__item thumbnail\"\r\n                                    style=\"background-image: url(https:\/\/us.edu.pl\/instytut\/ip\/wp-content\/uploads\/sites\/33\/Prepare-Lab\/WhatsApp-Image-2024-06-11-at-17.21.41-768x1024.jpeg)\"> <span class=\"d-none\">https:\/\/us.edu.pl\/instytut\/ip\/wp-content\/uploads\/sites\/33\/Prepare-Lab\/WhatsApp-Image-2024-06-11-at-17.21.41.jpeg<\/span> <\/a><a data-fancybox-group=\"button\" title=\"\" data-fancybox=\"389\" href=\"https:\/\/us.edu.pl\/instytut\/ip\/wp-content\/uploads\/sites\/33\/Prepare-Lab\/WhatsApp-Image-2024-06-11-at-17.21.40.jpeg\" class=\"gallery__item thumbnail\"\r\n                                    style=\"background-image: url(https:\/\/us.edu.pl\/instytut\/ip\/wp-content\/uploads\/sites\/33\/Prepare-Lab\/WhatsApp-Image-2024-06-11-at-17.21.40-768x1024.jpeg)\"> <span class=\"d-none\">https:\/\/us.edu.pl\/instytut\/ip\/wp-content\/uploads\/sites\/33\/Prepare-Lab\/WhatsApp-Image-2024-06-11-at-17.21.40.jpeg<\/span> <\/a><a data-fancybox-group=\"button\" title=\"\" data-fancybox=\"389\" href=\"https:\/\/us.edu.pl\/instytut\/ip\/wp-content\/uploads\/sites\/33\/Prepare-Lab\/WhatsApp-Image-2024-06-11-at-17.21.39.jpeg\" class=\"gallery__item thumbnail\"\r\n                                    style=\"background-image: url(https:\/\/us.edu.pl\/instytut\/ip\/wp-content\/uploads\/sites\/33\/Prepare-Lab\/WhatsApp-Image-2024-06-11-at-17.21.39-768x1024.jpeg)\"> <span class=\"d-none\">https:\/\/us.edu.pl\/instytut\/ip\/wp-content\/uploads\/sites\/33\/Prepare-Lab\/WhatsApp-Image-2024-06-11-at-17.21.39.jpeg<\/span> <\/a><a data-fancybox-group=\"button\" title=\"\" data-fancybox=\"389\" href=\"https:\/\/us.edu.pl\/instytut\/ip\/wp-content\/uploads\/sites\/33\/Prepare-Lab\/WhatsApp-Image-2024-06-11-at-17.21.38.jpeg\" class=\"gallery__item thumbnail\"\r\n                                    style=\"background-image: url(https:\/\/us.edu.pl\/instytut\/ip\/wp-content\/uploads\/sites\/33\/Prepare-Lab\/WhatsApp-Image-2024-06-11-at-17.21.38-1024x768.jpeg)\"> <span class=\"d-none\">https:\/\/us.edu.pl\/instytut\/ip\/wp-content\/uploads\/sites\/33\/Prepare-Lab\/WhatsApp-Image-2024-06-11-at-17.21.38.jpeg<\/span> <\/a><a data-fancybox-group=\"button\" title=\"\" data-fancybox=\"389\" href=\"https:\/\/us.edu.pl\/instytut\/ip\/wp-content\/uploads\/sites\/33\/Prepare-Lab\/WhatsApp-Image-2024-06-11-at-17.21.38-1.jpeg\" class=\"gallery__item thumbnail\"\r\n                                    style=\"background-image: url(https:\/\/us.edu.pl\/instytut\/ip\/wp-content\/uploads\/sites\/33\/Prepare-Lab\/WhatsApp-Image-2024-06-11-at-17.21.38-1-1024x768.jpeg)\"> <span class=\"d-none\">https:\/\/us.edu.pl\/instytut\/ip\/wp-content\/uploads\/sites\/33\/Prepare-Lab\/WhatsApp-Image-2024-06-11-at-17.21.38-1.jpeg<\/span> <\/a><a data-fancybox-group=\"button\" title=\"\" data-fancybox=\"389\" href=\"https:\/\/us.edu.pl\/instytut\/ip\/wp-content\/uploads\/sites\/33\/Prepare-Lab\/WhatsApp-Image-2024-06-11-at-17.21.37-1.jpeg\" class=\"gallery__item thumbnail\"\r\n                                    style=\"background-image: url(https:\/\/us.edu.pl\/instytut\/ip\/wp-content\/uploads\/sites\/33\/Prepare-Lab\/WhatsApp-Image-2024-06-11-at-17.21.37-1-1024x751.jpeg)\"> <span class=\"d-none\">https:\/\/us.edu.pl\/instytut\/ip\/wp-content\/uploads\/sites\/33\/Prepare-Lab\/WhatsApp-Image-2024-06-11-at-17.21.37-1.jpeg<\/span> <\/a>\r\n                            <\/div>\r\n                    <\/div>\r\n                <\/div>[\/vc_column][\/vc_row]<\/p>","protected":false},"excerpt":{"rendered":"<p>[vc_row][vc_column][\/vc_column][\/vc_row][vc_row][vc_column][\/vc_column][\/vc_row][vc_row][vc_column][\/vc_column][\/vc_row][vc_row][vc_column][\/vc_column][\/vc_row][vc_row][vc_column][\/vc_column][\/vc_row] [&#8230;]<\/p>\n<p><a class=\"btn btn-secondary understrap-read-more-link\" href=\"https:\/\/us.edu.pl\/instytut\/ip\/2024\/06\/11\/zespol-prepare-lab-na-32-ogolnopolskiej-konferencji-psychologii-rozwojowej\/\">Read More&#8230;<\/a><\/p>\n","protected":false},"author":159,"featured_media":6539,"comment_status":"open","ping_status":"open","sticky":false,"template":"","format":"standard","meta":{"_expiration-date-status":"","_expiration-date":0,"_expiration-date-type":"","_expiration-date-categories":[],"_expiration-date-options":[]},"categories":[27,34],"tags":[],"acf":[],"_links":{"self":[{"href":"https:\/\/us.edu.pl\/instytut\/ip\/wp-json\/wp\/v2\/posts\/6530"}],"collection":[{"href":"https:\/\/us.edu.pl\/instytut\/ip\/wp-json\/wp\/v2\/posts"}],"about":[{"href":"https:\/\/us.edu.pl\/instytut\/ip\/wp-json\/wp\/v2\/types\/post"}],"author":[{"embeddable":true,"href":"https:\/\/us.edu.pl\/instytut\/ip\/wp-json\/wp\/v2\/users\/159"}],"replies":[{"embeddable":true,"href":"https:\/\/us.edu.pl\/instytut\/ip\/wp-json\/wp\/v2\/comments?post=6530"}],"version-history":[{"count":5,"href":"https:\/\/us.edu.pl\/instytut\/ip\/wp-json\/wp\/v2\/posts\/6530\/revisions"}],"predecessor-version":[{"id":6545,"href":"https:\/\/us.edu.pl\/instytut\/ip\/wp-json\/wp\/v2\/posts\/6530\/revisions\/6545"}],"wp:featuredmedia":[{"embeddable":true,"href":"https:\/\/us.edu.pl\/instytut\/ip\/wp-json\/wp\/v2\/media\/6539"}],"wp:attachment":[{"href":"https:\/\/us.edu.pl\/instytut\/ip\/wp-json\/wp\/v2\/media?parent=6530"}],"wp:term":[{"taxonomy":"category","embeddable":true,"href":"https:\/\/us.edu.pl\/instytut\/ip\/wp-json\/wp\/v2\/categories?post=6530"},{"taxonomy":"post_tag","embeddable":true,"href":"https:\/\/us.edu.pl\/instytut\/ip\/wp-json\/wp\/v2\/tags?post=6530"}],"curies":[{"name":"wp","href":"https:\/\/api.w.org\/{rel}","templated":true}]}}