{"id":6572,"date":"2024-06-15T12:26:57","date_gmt":"2024-06-15T10:26:57","guid":{"rendered":"https:\/\/us.edu.pl\/instytut\/ip\/?p=6572"},"modified":"2024-06-15T13:06:53","modified_gmt":"2024-06-15T11:06:53","slug":"pracownicy-instytutu-psychologii-na-11-konferencji-jakosc-zycia-w-pracy-i-poza-nia","status":"publish","type":"post","link":"https:\/\/us.edu.pl\/instytut\/ip\/2024\/06\/15\/pracownicy-instytutu-psychologii-na-11-konferencji-jakosc-zycia-w-pracy-i-poza-nia\/","title":{"rendered":"Pracownicy Instytutu Psychologii na 11. Konferencji \u201cJako\u015b\u0107 \u017cycia w pracy i poza ni\u0105\u201d"},"content":{"rendered":"<p>[vc_row][vc_column]\r\n                <div class=\"text-modules \">\r\n                    <div class=\"container\">\r\n                         \r\n                        <div class=\"row m-0\">\r\n                            <div class=\"text-modules__content\">\r\n                                <\/p>\n<p style=\"text-align: justify;\"><span style=\"font-size: 14pt;\">Dr hab., prof. U\u015a Katarzyna \u015alebarska, Dyrektor Instytutu Psychologii, oraz dr El\u017cbieta Biolik i dr Marcin Moro\u0144 wzi\u0119li udzia\u0142 w 11. Konferencji naukowej \u201eJako\u015b\u0107 \u017cycia w pracy i poza ni\u0105\u201d, kt\u00f3ra odbywa\u0142a si\u0119 w dn. 10-11 czerwca w Instytucie Psychologii Uniwersytetu Opolskiego.<\/span><\/p>\n<p style=\"text-align: justify;\"><span style=\"font-size: 14pt;\">Prof. Katarzyna \u015alebarska wyg\u0142osi\u0142a referat pt. \u201eProaktywny onboarding pracowniczy \u2013 wspieranie proaktywnego radzenia sobie w adaptacji do pracy z wykorzystaniem e-szkolenia\u201d, przewodniczy\u0142a sesji pt. \u201eStres w pracy i szcz\u0119\u015bcie\u201d i zasiada\u0142a w Komitecie Naukowym Konferencji.<\/span><\/p>\n<p style=\"text-align: justify;\"><span style=\"font-size: 14pt;\">Dr El\u017cbieta Biolik wyg\u0142osi\u0142a referat pt. \u201eRelacje mi\u0119dzy narcyzmem wielko\u015bciowym i wra\u017cliwym a wska\u017anikami jako\u015bci pracy\u201d.<\/span><\/p>\n<p style=\"text-align: justify;\"><span style=\"font-size: 14pt;\">Dr Marcin Moro\u0144 zaprezentowa\u0142 plakat pt. \u201eWielokrotnie wypaleni\u2026? Analiza zale\u017cno\u015bci mi\u0119dzy wypaleniem zawodowym, rodzicielskim i pandemicznym w uj\u0119ciu sieciowym\u201d i uzyska\u0142 <strong>nagrod\u0119 za najlepszy<\/strong> plakat konferencyjny.<\/span><\/p>\n<div class=\"mt-3\"><\/div>\r\n                            <\/div>\r\n                            \r\n                            <div class=\"text-modules__img\"><img src=\"https:\/\/us.edu.pl\/instytut\/ip\/wp-content\/uploads\/sites\/33\/Bez-kategorii\/262cdb64-2847-4ddf-900c-babf9ff147c4.jpg\" alt=\"img\"><\/div>\r\n                        <\/div>\r\n                    <\/div>\r\n                <\/div>[\/vc_column][\/vc_row][vc_row][vc_column][vc_gallery type=&#8221;image_grid&#8221; images=&#8221;6575,6574&#8243; img_size=&#8221;640 x 960&#8243;][\/vc_column][\/vc_row]<\/p>","protected":false},"excerpt":{"rendered":"<p>[vc_row][vc_column][\/vc_column][\/vc_row][vc_row][vc_column][vc_gallery type=&#8221;image_grid&#8221; images=&#8221;6575,6574&#8243; img_size=&#8221;640 x 960&#8243;][\/vc_column][\/vc_row] [&#8230;]<\/p>\n<p><a class=\"btn btn-secondary understrap-read-more-link\" href=\"https:\/\/us.edu.pl\/instytut\/ip\/2024\/06\/15\/pracownicy-instytutu-psychologii-na-11-konferencji-jakosc-zycia-w-pracy-i-poza-nia\/\">Read More&#8230;<\/a><\/p>\n","protected":false},"author":159,"featured_media":6573,"comment_status":"open","ping_status":"open","sticky":false,"template":"","format":"standard","meta":{"_expiration-date-status":"","_expiration-date":0,"_expiration-date-type":"","_expiration-date-categories":[],"_expiration-date-options":[]},"categories":[27],"tags":[],"acf":[],"_links":{"self":[{"href":"https:\/\/us.edu.pl\/instytut\/ip\/wp-json\/wp\/v2\/posts\/6572"}],"collection":[{"href":"https:\/\/us.edu.pl\/instytut\/ip\/wp-json\/wp\/v2\/posts"}],"about":[{"href":"https:\/\/us.edu.pl\/instytut\/ip\/wp-json\/wp\/v2\/types\/post"}],"author":[{"embeddable":true,"href":"https:\/\/us.edu.pl\/instytut\/ip\/wp-json\/wp\/v2\/users\/159"}],"replies":[{"embeddable":true,"href":"https:\/\/us.edu.pl\/instytut\/ip\/wp-json\/wp\/v2\/comments?post=6572"}],"version-history":[{"count":4,"href":"https:\/\/us.edu.pl\/instytut\/ip\/wp-json\/wp\/v2\/posts\/6572\/revisions"}],"predecessor-version":[{"id":6579,"href":"https:\/\/us.edu.pl\/instytut\/ip\/wp-json\/wp\/v2\/posts\/6572\/revisions\/6579"}],"wp:featuredmedia":[{"embeddable":true,"href":"https:\/\/us.edu.pl\/instytut\/ip\/wp-json\/wp\/v2\/media\/6573"}],"wp:attachment":[{"href":"https:\/\/us.edu.pl\/instytut\/ip\/wp-json\/wp\/v2\/media?parent=6572"}],"wp:term":[{"taxonomy":"category","embeddable":true,"href":"https:\/\/us.edu.pl\/instytut\/ip\/wp-json\/wp\/v2\/categories?post=6572"},{"taxonomy":"post_tag","embeddable":true,"href":"https:\/\/us.edu.pl\/instytut\/ip\/wp-json\/wp\/v2\/tags?post=6572"}],"curies":[{"name":"wp","href":"https:\/\/api.w.org\/{rel}","templated":true}]}}