{"id":6591,"date":"2024-06-18T18:10:04","date_gmt":"2024-06-18T16:10:04","guid":{"rendered":"https:\/\/us.edu.pl\/instytut\/ip\/?p=6591"},"modified":"2024-06-18T18:10:04","modified_gmt":"2024-06-18T16:10:04","slug":"dr-anna-pyszkowska-wziela-udzial-w-sympozjum-na-temat-kondycji-psychicznej-w-srodowisku-akademickim","status":"publish","type":"post","link":"https:\/\/us.edu.pl\/instytut\/ip\/2024\/06\/18\/dr-anna-pyszkowska-wziela-udzial-w-sympozjum-na-temat-kondycji-psychicznej-w-srodowisku-akademickim\/","title":{"rendered":"dr Anna Pyszkowska wzi\u0119\u0142a udzia\u0142 w sympozjum na temat kondycji psychicznej w \u015brodowisku akademickim"},"content":{"rendered":"<p>[vc_row][vc_column]\r\n                <div class=\"text-modules \">\r\n                    <div class=\"container\">\r\n                         \r\n                        <div class=\"row m-0\">\r\n                            <div class=\"text-modules__content\">\r\n                                <\/p>\n<p style=\"text-align: justify;\"><span style=\"font-size: 14pt;\">10 czerwca 2024 dr Anna Pyszkowska wzi\u0119\u0142a udzia\u0142 organizowanym przez Ministerstwo Nauki i Szkolnictwa Wy\u017cszego sympozjum naukowym \u201eKondycja psychiczna w \u015brodowisku akademickim w Polsce \u2013 stan obecny i perspektywy\u201d. Spotkanie zainaugurowa\u0142o cykl konferencji organizowanych w resorcie nauki przez Departament Analiz Strategicznych i Popularyzacji Nauki. W wydarzeniu wzi\u0105\u0142 udzia\u0142 podsekretarz stanu w MNiSW Maciej Gdula. Dr Pyszkowska przedstawi\u0142a referat &#8222;Neuror\u00f3\u017cnorowno\u015b\u0107 na polskich uczelniach \u2013 do\u015bwiadczane trudno\u015bci i potencjalne rozwi\u0105zania&#8221;.<\/span><\/p>\n<div class=\"mt-3\"><a href=\"https:\/\/www.gov.pl\/web\/nauka\/dyskusje-na-temat-kondycji-psychicznej-w-srodowisku-akademickim\" class=\"link-button mr-3 \">Wi\u0119cej informacji TUTAJ!<\/a><\/div>\r\n                            <\/div>\r\n                            \r\n                            <div class=\"text-modules__img\"><img src=\"https:\/\/us.edu.pl\/instytut\/ip\/wp-content\/uploads\/sites\/33\/Bez-kategorii\/att.e92fzggCSZw_CS7JT_0Y3B-jwc4CGCIs-HG_OGJIJjQ.jpg\" alt=\"img\"><\/div>\r\n                        <\/div>\r\n                    <\/div>\r\n                <\/div>[\/vc_column][\/vc_row]<\/p>","protected":false},"excerpt":{"rendered":"<p>[vc_row][vc_column][\/vc_column][\/vc_row] [&#8230;]<\/p>\n<p><a class=\"btn btn-secondary understrap-read-more-link\" href=\"https:\/\/us.edu.pl\/instytut\/ip\/2024\/06\/18\/dr-anna-pyszkowska-wziela-udzial-w-sympozjum-na-temat-kondycji-psychicznej-w-srodowisku-akademickim\/\">Read More&#8230;<\/a><\/p>\n","protected":false},"author":159,"featured_media":4141,"comment_status":"open","ping_status":"open","sticky":false,"template":"","format":"standard","meta":{"_expiration-date-status":"","_expiration-date":0,"_expiration-date-type":"","_expiration-date-categories":[],"_expiration-date-options":[]},"categories":[27],"tags":[],"acf":[],"_links":{"self":[{"href":"https:\/\/us.edu.pl\/instytut\/ip\/wp-json\/wp\/v2\/posts\/6591"}],"collection":[{"href":"https:\/\/us.edu.pl\/instytut\/ip\/wp-json\/wp\/v2\/posts"}],"about":[{"href":"https:\/\/us.edu.pl\/instytut\/ip\/wp-json\/wp\/v2\/types\/post"}],"author":[{"embeddable":true,"href":"https:\/\/us.edu.pl\/instytut\/ip\/wp-json\/wp\/v2\/users\/159"}],"replies":[{"embeddable":true,"href":"https:\/\/us.edu.pl\/instytut\/ip\/wp-json\/wp\/v2\/comments?post=6591"}],"version-history":[{"count":1,"href":"https:\/\/us.edu.pl\/instytut\/ip\/wp-json\/wp\/v2\/posts\/6591\/revisions"}],"predecessor-version":[{"id":6593,"href":"https:\/\/us.edu.pl\/instytut\/ip\/wp-json\/wp\/v2\/posts\/6591\/revisions\/6593"}],"wp:featuredmedia":[{"embeddable":true,"href":"https:\/\/us.edu.pl\/instytut\/ip\/wp-json\/wp\/v2\/media\/4141"}],"wp:attachment":[{"href":"https:\/\/us.edu.pl\/instytut\/ip\/wp-json\/wp\/v2\/media?parent=6591"}],"wp:term":[{"taxonomy":"category","embeddable":true,"href":"https:\/\/us.edu.pl\/instytut\/ip\/wp-json\/wp\/v2\/categories?post=6591"},{"taxonomy":"post_tag","embeddable":true,"href":"https:\/\/us.edu.pl\/instytut\/ip\/wp-json\/wp\/v2\/tags?post=6591"}],"curies":[{"name":"wp","href":"https:\/\/api.w.org\/{rel}","templated":true}]}}