{"id":6594,"date":"2024-06-18T18:16:05","date_gmt":"2024-06-18T16:16:05","guid":{"rendered":"https:\/\/us.edu.pl\/instytut\/ip\/?p=6594"},"modified":"2024-06-18T18:16:05","modified_gmt":"2024-06-18T16:16:05","slug":"dr-agnieszka-skorupa-zaproszona-jako-ekspert-do-bilecik-provincial-dierctorate-of-national-education-w-turcji","status":"publish","type":"post","link":"https:\/\/us.edu.pl\/instytut\/ip\/2024\/06\/18\/dr-agnieszka-skorupa-zaproszona-jako-ekspert-do-bilecik-provincial-dierctorate-of-national-education-w-turcji\/","title":{"rendered":"Dr Agnieszka Skorupa zaproszona jako ekspert do Bilecik Provincial Dierctorate of National Education w Turcji"},"content":{"rendered":"<p>[vc_row][vc_column]\r\n                <div class=\"text-modules \">\r\n                    <div class=\"container\">\r\n                         \r\n                        <div class=\"row m-0\">\r\n                            <div class=\"text-modules__content\">\r\n                                <\/p>\n<p style=\"text-align: justify;\"><span style=\"font-size: 14pt;\">W dniach 12-16 czerwca 2024 roku dr Agnieszka Skorupa go\u015bci\u0142a w Bilecik Provincial Dierctorate of National Education w Turcji. Jako ekspertka zaproszona w ramach programu Erasmus+ odby\u0142a cykl spotka\u0144 dla nauczycieli i uczni\u00f3w, podczas kt\u00f3rego wyg\u0142osi\u0142a wyk\u0142ad \u201eExtreme psychology &#8211; from the polar station into space\u201d oraz przeprowadzi\u0142a warsztaty o tematyce mi\u0119dzykulturowej, warsztaty z psychologicznej pracy z filmem oraz warsztat \u201eHow to become an astronaut?\u201d. <\/span><\/p>\n<p style=\"text-align: justify;\"><span style=\"font-size: 14pt;\">Dr Skorupa mia\u0142a ju\u017c okazj\u0119 wsp\u00f3\u0142pracowa\u0107 wcze\u015bniej z prowincj\u0105 Bilecik w ramach projektu dydaktycznego Erasmus+ \u201eInnovation and Transformation in Education\u201d, 2019-1-TR01-KA201-076605.<\/span><\/p>\n<div class=\"mt-3\"><\/div>\r\n                            <\/div>\r\n                            \r\n                            <div class=\"text-modules__img\"><img src=\"https:\/\/us.edu.pl\/instytut\/ip\/wp-content\/uploads\/sites\/33\/Bez-kategorii\/1718544965033-225x300.jpeg\" alt=\"img\"><\/div>\r\n                        <\/div>\r\n                    <\/div>\r\n                <\/div>[\/vc_column][\/vc_row][vc_row][vc_column]            \r\n                    <div class=\"container\">\r\n                        <div class=\"gallery gallery_3\" data-images-in-row=\"3\">\r\n                            \r\n                            <div class=\"row m-0\">\r\n                                <a data-fancybox-group=\"button\" title=\"\" data-fancybox=\"6993\" href=\"https:\/\/us.edu.pl\/instytut\/ip\/wp-content\/uploads\/sites\/33\/Bez-kategorii\/1718544964494.jpeg\" class=\"gallery__item thumbnail\"\r\n                                    style=\"background-image: url(https:\/\/us.edu.pl\/instytut\/ip\/wp-content\/uploads\/sites\/33\/Bez-kategorii\/1718544964494-1024x768.jpeg)\"> <span class=\"d-none\">https:\/\/us.edu.pl\/instytut\/ip\/wp-content\/uploads\/sites\/33\/Bez-kategorii\/1718544964494.jpeg<\/span> <\/a><a data-fancybox-group=\"button\" title=\"\" data-fancybox=\"6993\" href=\"https:\/\/us.edu.pl\/instytut\/ip\/wp-content\/uploads\/sites\/33\/Bez-kategorii\/1718397620785.jpeg\" class=\"gallery__item thumbnail\"\r\n                                    style=\"background-image: url(https:\/\/us.edu.pl\/instytut\/ip\/wp-content\/uploads\/sites\/33\/Bez-kategorii\/1718397620785-1024x768.jpeg)\"> <span class=\"d-none\">https:\/\/us.edu.pl\/instytut\/ip\/wp-content\/uploads\/sites\/33\/Bez-kategorii\/1718397620785.jpeg<\/span> <\/a><a data-fancybox-group=\"button\" title=\"\" data-fancybox=\"6993\" href=\"https:\/\/us.edu.pl\/instytut\/ip\/wp-content\/uploads\/sites\/33\/Bez-kategorii\/1718397619553.jpeg\" class=\"gallery__item thumbnail\"\r\n                                    style=\"background-image: url(https:\/\/us.edu.pl\/instytut\/ip\/wp-content\/uploads\/sites\/33\/Bez-kategorii\/1718397619553-1024x461.jpeg)\"> <span class=\"d-none\">https:\/\/us.edu.pl\/instytut\/ip\/wp-content\/uploads\/sites\/33\/Bez-kategorii\/1718397619553.jpeg<\/span> <\/a>\r\n                            <\/div>\r\n                    <\/div>\r\n                <\/div>[\/vc_column][\/vc_row]<\/p>","protected":false},"excerpt":{"rendered":"<p>[vc_row][vc_column][\/vc_column][\/vc_row][vc_row][vc_column][\/vc_column][\/vc_row] [&#8230;]<\/p>\n<p><a class=\"btn btn-secondary understrap-read-more-link\" href=\"https:\/\/us.edu.pl\/instytut\/ip\/2024\/06\/18\/dr-agnieszka-skorupa-zaproszona-jako-ekspert-do-bilecik-provincial-dierctorate-of-national-education-w-turcji\/\">Read More&#8230;<\/a><\/p>\n","protected":false},"author":159,"featured_media":6598,"comment_status":"open","ping_status":"open","sticky":false,"template":"","format":"standard","meta":{"_expiration-date-status":"","_expiration-date":0,"_expiration-date-type":"","_expiration-date-categories":[],"_expiration-date-options":[]},"categories":[27],"tags":[],"acf":[],"_links":{"self":[{"href":"https:\/\/us.edu.pl\/instytut\/ip\/wp-json\/wp\/v2\/posts\/6594"}],"collection":[{"href":"https:\/\/us.edu.pl\/instytut\/ip\/wp-json\/wp\/v2\/posts"}],"about":[{"href":"https:\/\/us.edu.pl\/instytut\/ip\/wp-json\/wp\/v2\/types\/post"}],"author":[{"embeddable":true,"href":"https:\/\/us.edu.pl\/instytut\/ip\/wp-json\/wp\/v2\/users\/159"}],"replies":[{"embeddable":true,"href":"https:\/\/us.edu.pl\/instytut\/ip\/wp-json\/wp\/v2\/comments?post=6594"}],"version-history":[{"count":2,"href":"https:\/\/us.edu.pl\/instytut\/ip\/wp-json\/wp\/v2\/posts\/6594\/revisions"}],"predecessor-version":[{"id":6600,"href":"https:\/\/us.edu.pl\/instytut\/ip\/wp-json\/wp\/v2\/posts\/6594\/revisions\/6600"}],"wp:featuredmedia":[{"embeddable":true,"href":"https:\/\/us.edu.pl\/instytut\/ip\/wp-json\/wp\/v2\/media\/6598"}],"wp:attachment":[{"href":"https:\/\/us.edu.pl\/instytut\/ip\/wp-json\/wp\/v2\/media?parent=6594"}],"wp:term":[{"taxonomy":"category","embeddable":true,"href":"https:\/\/us.edu.pl\/instytut\/ip\/wp-json\/wp\/v2\/categories?post=6594"},{"taxonomy":"post_tag","embeddable":true,"href":"https:\/\/us.edu.pl\/instytut\/ip\/wp-json\/wp\/v2\/tags?post=6594"}],"curies":[{"name":"wp","href":"https:\/\/api.w.org\/{rel}","templated":true}]}}