{"id":6777,"date":"2024-08-12T11:22:11","date_gmt":"2024-08-12T09:22:11","guid":{"rendered":"https:\/\/us.edu.pl\/instytut\/ip\/?p=6777"},"modified":"2024-08-12T11:22:11","modified_gmt":"2024-08-12T09:22:11","slug":"tydzien-nudy-z-pracownikami-instytutu-psychologii-us","status":"publish","type":"post","link":"https:\/\/us.edu.pl\/instytut\/ip\/2024\/08\/12\/tydzien-nudy-z-pracownikami-instytutu-psychologii-us\/","title":{"rendered":"Tydzie\u0144 Nudy z pracownikami Instytutu Psychologii U\u015a"},"content":{"rendered":"<p>[vc_row][vc_column]\r\n                <div class=\"text-modules \">\r\n                    <div class=\"container\">\r\n                         \r\n                        <div class=\"row m-0\">\r\n                            <div class=\"text-modules__content\">\r\n                                <span style=\"font-size: 14pt;\"><strong>W dniach 5-11.08.2024 r.<\/strong> w ramach inicjatywy Katowice Europejskie Miasto Nauki 2024 <strong>odbywa\u0142 si\u0119 Tydzie\u0144 Nudy<\/strong>. W jego trakcie odby\u0142y si\u0119 wydarzenia przygotowane przez pracownik\u00f3w Instytutu Psychologii U\u015a. <\/span><\/p>\n<p>&nbsp;<\/p>\n<p><span style=\"font-size: 14pt;\">W dniu 9.08. (pi\u0105tek) mia\u0142y miejsce warsztaty pt. &#8222;Dubaj, Majorka, Korsyka, a mo\u017ce\u2026 w\u0142asna psychika? \u2013 O nieoczywistym kierunku wakacyjnych podr\u00f3\u017cy&#8221;, kt\u00f3re poprowadzi\u0142a <strong>dr Magdalena Sitko-Dominik<\/strong>. W tym samym dniu uczestnicy mieli te\u017c mo\u017cliwo\u015b\u0107 wzi\u0119cia udzia\u0142u w interaktywnym wyk\u0142adzie z elementami warsztat\u00f3w pt. &#8222;Nuda na zewn\u0105trz \u2013 nuda w \u015brodku? \u2013 par\u0119 s\u0142\u00f3w o sztuce prowadzenia wewn\u0119trznych rozm\u00f3w&#8221;, przygotowanym przez <strong>dra \u0141ukasza Jacha<\/strong>. <\/span><\/p>\n<p>&nbsp;<\/p>\n<p><span style=\"font-size: 14pt;\">Program wydarzenia znajduje si\u0119 na stronie <a href=\"https:\/\/program.miastonauki.pl\/tydzien-nudy\" target=\"_blank\" rel=\"noopener noreferrer\">https:\/\/program.miastonauki.pl\/tydzien-nudy<\/a>.<\/span> \r\n                                <div class=\"mt-3\"><\/div>\r\n                            <\/div>\r\n                            \r\n                            <div class=\"text-modules__img\"><img src=\"https:\/\/us.edu.pl\/instytut\/ip\/wp-content\/uploads\/sites\/33\/Bez-kategorii\/Tydzien-nudy.png\" alt=\"img\"><\/div>\r\n                        <\/div>\r\n                    <\/div>\r\n                <\/div>[\/vc_column][\/vc_row]<\/p>","protected":false},"excerpt":{"rendered":"<p>[vc_row][vc_column][\/vc_column][\/vc_row] [&#8230;]<\/p>\n<p><a class=\"btn btn-secondary understrap-read-more-link\" href=\"https:\/\/us.edu.pl\/instytut\/ip\/2024\/08\/12\/tydzien-nudy-z-pracownikami-instytutu-psychologii-us\/\">Read More&#8230;<\/a><\/p>\n","protected":false},"author":6627,"featured_media":6785,"comment_status":"open","ping_status":"open","sticky":false,"template":"","format":"standard","meta":{"_expiration-date-status":"","_expiration-date":0,"_expiration-date-type":"","_expiration-date-categories":[],"_expiration-date-options":[]},"categories":[24,23],"tags":[],"acf":[],"_links":{"self":[{"href":"https:\/\/us.edu.pl\/instytut\/ip\/wp-json\/wp\/v2\/posts\/6777"}],"collection":[{"href":"https:\/\/us.edu.pl\/instytut\/ip\/wp-json\/wp\/v2\/posts"}],"about":[{"href":"https:\/\/us.edu.pl\/instytut\/ip\/wp-json\/wp\/v2\/types\/post"}],"author":[{"embeddable":true,"href":"https:\/\/us.edu.pl\/instytut\/ip\/wp-json\/wp\/v2\/users\/6627"}],"replies":[{"embeddable":true,"href":"https:\/\/us.edu.pl\/instytut\/ip\/wp-json\/wp\/v2\/comments?post=6777"}],"version-history":[{"count":5,"href":"https:\/\/us.edu.pl\/instytut\/ip\/wp-json\/wp\/v2\/posts\/6777\/revisions"}],"predecessor-version":[{"id":6794,"href":"https:\/\/us.edu.pl\/instytut\/ip\/wp-json\/wp\/v2\/posts\/6777\/revisions\/6794"}],"wp:featuredmedia":[{"embeddable":true,"href":"https:\/\/us.edu.pl\/instytut\/ip\/wp-json\/wp\/v2\/media\/6785"}],"wp:attachment":[{"href":"https:\/\/us.edu.pl\/instytut\/ip\/wp-json\/wp\/v2\/media?parent=6777"}],"wp:term":[{"taxonomy":"category","embeddable":true,"href":"https:\/\/us.edu.pl\/instytut\/ip\/wp-json\/wp\/v2\/categories?post=6777"},{"taxonomy":"post_tag","embeddable":true,"href":"https:\/\/us.edu.pl\/instytut\/ip\/wp-json\/wp\/v2\/tags?post=6777"}],"curies":[{"name":"wp","href":"https:\/\/api.w.org\/{rel}","templated":true}]}}