{"id":7400,"date":"2024-09-24T16:46:23","date_gmt":"2024-09-24T14:46:23","guid":{"rendered":"https:\/\/us.edu.pl\/instytut\/ip\/?p=7400"},"modified":"2024-09-24T16:46:23","modified_gmt":"2024-09-24T14:46:23","slug":"publikacja-w-journal-of-affective-disorders","status":"publish","type":"post","link":"https:\/\/us.edu.pl\/instytut\/ip\/2024\/09\/24\/publikacja-w-journal-of-affective-disorders\/","title":{"rendered":"Publikacja w Journal of Affective Disorders"},"content":{"rendered":"<p>[vc_row][vc_column]\r\n                <div class=\"text-modules\">\r\n                    <div class=\"container\">\r\n                        \r\n                        <div class=\"text-modules__content\"><\/p>\n<p style=\"text-align: justify;\"><span style=\"font-size: 14pt;\">dr Marcin Moro\u0144 wraz ze wsp\u00f3\u0142pracownikami opublikowa\u0142 artyku\u0142 pt. \u201eDepressive symptoms, cognitive functions and daily activities: An extended network analysis in monozygotic and dizygotic twins\u201d w czasopi\u015bmie Journal of Affective Disorders (IF = 4.9; 140 pkt.). Praca powsta\u0142a w University of Southern Denmark, gdzie dr Moro\u0144 odbywa\u0142 sta\u017c podoktorski.<\/span><\/p>\n<p style=\"text-align: justify;\"><span style=\"font-size: 14pt;\"><strong>Cytacja:<\/strong><\/span><\/p>\n<p style=\"text-align: justify;\"><span style=\"font-size: 14pt;\">Moro\u0144, M., Mengel-From, J., Zhang, D., Hjelmborg, J., &amp; Semkovska, M. (2025). Depressive symptoms, cognitive functions and daily activities: An extended network analysis in monozygotic and dizygotic twins. <em>Journal of Affective Disorders, 358<\/em>, 398-409.https:\/\/doi.org\/10.1016\/j.jad.2024.09.089<\/span><\/p>\n<p>\n<\/div>\r\n                    <\/div>\r\n                <\/div>[\/vc_column][\/vc_row]<\/p>","protected":false},"excerpt":{"rendered":"<p>[vc_row][vc_column][\/vc_column][\/vc_row] [&#8230;]<\/p>\n<p><a class=\"btn btn-secondary understrap-read-more-link\" href=\"https:\/\/us.edu.pl\/instytut\/ip\/2024\/09\/24\/publikacja-w-journal-of-affective-disorders\/\">Read More&#8230;<\/a><\/p>\n","protected":false},"author":159,"featured_media":6801,"comment_status":"open","ping_status":"open","sticky":false,"template":"","format":"standard","meta":{"_expiration-date-status":"","_expiration-date":0,"_expiration-date-type":"","_expiration-date-categories":[],"_expiration-date-options":[]},"categories":[17,9],"tags":[],"acf":[],"_links":{"self":[{"href":"https:\/\/us.edu.pl\/instytut\/ip\/wp-json\/wp\/v2\/posts\/7400"}],"collection":[{"href":"https:\/\/us.edu.pl\/instytut\/ip\/wp-json\/wp\/v2\/posts"}],"about":[{"href":"https:\/\/us.edu.pl\/instytut\/ip\/wp-json\/wp\/v2\/types\/post"}],"author":[{"embeddable":true,"href":"https:\/\/us.edu.pl\/instytut\/ip\/wp-json\/wp\/v2\/users\/159"}],"replies":[{"embeddable":true,"href":"https:\/\/us.edu.pl\/instytut\/ip\/wp-json\/wp\/v2\/comments?post=7400"}],"version-history":[{"count":1,"href":"https:\/\/us.edu.pl\/instytut\/ip\/wp-json\/wp\/v2\/posts\/7400\/revisions"}],"predecessor-version":[{"id":7401,"href":"https:\/\/us.edu.pl\/instytut\/ip\/wp-json\/wp\/v2\/posts\/7400\/revisions\/7401"}],"wp:featuredmedia":[{"embeddable":true,"href":"https:\/\/us.edu.pl\/instytut\/ip\/wp-json\/wp\/v2\/media\/6801"}],"wp:attachment":[{"href":"https:\/\/us.edu.pl\/instytut\/ip\/wp-json\/wp\/v2\/media?parent=7400"}],"wp:term":[{"taxonomy":"category","embeddable":true,"href":"https:\/\/us.edu.pl\/instytut\/ip\/wp-json\/wp\/v2\/categories?post=7400"},{"taxonomy":"post_tag","embeddable":true,"href":"https:\/\/us.edu.pl\/instytut\/ip\/wp-json\/wp\/v2\/tags?post=7400"}],"curies":[{"name":"wp","href":"https:\/\/api.w.org\/{rel}","templated":true}]}}