{"id":9048,"date":"2025-03-06T15:34:13","date_gmt":"2025-03-06T14:34:13","guid":{"rendered":"https:\/\/us.edu.pl\/instytut\/ip\/?p=9048"},"modified":"2025-07-30T12:53:06","modified_gmt":"2025-07-30T10:53:06","slug":"innego-konca-nie-bedzie-filmowe-spotkania-z-psychologia","status":"publish","type":"post","link":"https:\/\/us.edu.pl\/instytut\/ip\/2025\/03\/06\/innego-konca-nie-bedzie-filmowe-spotkania-z-psychologia\/","title":{"rendered":"\u201eInnego ko\u0144ca nie b\u0119dzie\u201d \u2013 Filmowe spotkania z psychologi\u0105"},"content":{"rendered":"<p>[vc_row][vc_column]\r\n                <div class=\"text-modules\">\r\n                    <div class=\"container\">\r\n                        \r\n                        <div class=\"text-modules__content\"><p><span style=\"font-size: 14pt;\"><strong>We wtorek 25 marca 2025 roku o godz. 17.30 w kinie studyjnym \u015awiatowid (ul. 3 Maja 7, Katowice) odb\u0119dzie si\u0119 pokaz filmu \u201eInnego ko\u0144ca nie b\u0119dzie\u201d (85 min.) po\u0142\u0105czony z dyskusj\u0105. Wydarzenie organizowane jest w ramach cyklu \u201eFilmowe spotkania z psychologi\u0105\u201d.<\/strong><\/span><\/p>\n<p><span style=\"font-size: 14pt;\">Po d\u0142u\u017cszej nieobecno\u015bci, Ola, najstarsza z tr\u00f3jki rodze\u0144stwa, postanawia wr\u00f3ci\u0107 w rodzinne strony. Chocia\u017c na pierwszy rzut oka wszystko wygl\u0105da znajomo, to w rzeczywisto\u015bci \u017cycie jej bliskich ruszy\u0142o dalej. Mama ma nowego partnera, w gara\u017cu brakuje ulubionego samochodu taty, a rodzinny dom wkr\u00f3tce ma zosta\u0107 sprzedany. Relacje z bratem, siostr\u0105 i matk\u0105 s\u0105 dalekie od idea\u0142u. Ola wie, \u017ce to ostatni moment, aby pogodzi\u0107 si\u0119 z przesz\u0142o\u015bci\u0105 i zacz\u0105\u0107 \u017cy\u0107 na nowo. Pomog\u0105 w tym pe\u0142ne ciep\u0142ych wspomnie\u0144 rodzinne kasety wideo i zdj\u0119cia znalezione na strychu.<\/span><\/p>\n<p><span style=\"font-size: 14pt;\">Rozmow\u0119 po filmie poprowadzi dr Marta Banout \u2013 psychoterapeutka, psycholo\u017cka, absolwentka psychologii Uniwersytetu \u015al\u0105skiego.<\/span><\/p>\n<p><span style=\"font-size: 14pt;\">Wi\u0119cej informacji o wydarzeniu mo\u017cna znale\u017a\u0107 na\u00a0<a href=\"https:\/\/swiatowid.katowice.pl\/movies\/filmowe-spotkania-z-psychologia-innego-konca-nie-bedzie\">stronie kina \u015awiatowid<\/a>.<\/span><\/p>\n<\/div>\r\n                    <\/div>\r\n                <\/div>[\/vc_column][\/vc_row]<\/p>","protected":false},"excerpt":{"rendered":"<p>[vc_row][vc_column][\/vc_column][\/vc_row] [&#8230;]<\/p>\n<p><a class=\"btn btn-secondary understrap-read-more-link\" href=\"https:\/\/us.edu.pl\/instytut\/ip\/2025\/03\/06\/innego-konca-nie-bedzie-filmowe-spotkania-z-psychologia\/\">Read More&#8230;<\/a><\/p>\n","protected":false},"author":159,"featured_media":6936,"comment_status":"open","ping_status":"open","sticky":false,"template":"","format":"standard","meta":{"_expiration-date-status":"","_expiration-date":0,"_expiration-date-type":"","_expiration-date-categories":[],"_expiration-date-options":[]},"categories":[33,24,23],"tags":[],"acf":[],"_links":{"self":[{"href":"https:\/\/us.edu.pl\/instytut\/ip\/wp-json\/wp\/v2\/posts\/9048"}],"collection":[{"href":"https:\/\/us.edu.pl\/instytut\/ip\/wp-json\/wp\/v2\/posts"}],"about":[{"href":"https:\/\/us.edu.pl\/instytut\/ip\/wp-json\/wp\/v2\/types\/post"}],"author":[{"embeddable":true,"href":"https:\/\/us.edu.pl\/instytut\/ip\/wp-json\/wp\/v2\/users\/159"}],"replies":[{"embeddable":true,"href":"https:\/\/us.edu.pl\/instytut\/ip\/wp-json\/wp\/v2\/comments?post=9048"}],"version-history":[{"count":3,"href":"https:\/\/us.edu.pl\/instytut\/ip\/wp-json\/wp\/v2\/posts\/9048\/revisions"}],"predecessor-version":[{"id":10703,"href":"https:\/\/us.edu.pl\/instytut\/ip\/wp-json\/wp\/v2\/posts\/9048\/revisions\/10703"}],"wp:featuredmedia":[{"embeddable":true,"href":"https:\/\/us.edu.pl\/instytut\/ip\/wp-json\/wp\/v2\/media\/6936"}],"wp:attachment":[{"href":"https:\/\/us.edu.pl\/instytut\/ip\/wp-json\/wp\/v2\/media?parent=9048"}],"wp:term":[{"taxonomy":"category","embeddable":true,"href":"https:\/\/us.edu.pl\/instytut\/ip\/wp-json\/wp\/v2\/categories?post=9048"},{"taxonomy":"post_tag","embeddable":true,"href":"https:\/\/us.edu.pl\/instytut\/ip\/wp-json\/wp\/v2\/tags?post=9048"}],"curies":[{"name":"wp","href":"https:\/\/api.w.org\/{rel}","templated":true}]}}