{"id":9731,"date":"2025-05-05T22:14:26","date_gmt":"2025-05-05T20:14:26","guid":{"rendered":"https:\/\/us.edu.pl\/instytut\/ip\/?p=9731"},"modified":"2025-05-05T22:14:26","modified_gmt":"2025-05-05T20:14:26","slug":"dr-agnieszka-skorupa-dla-widzialnej-psychologii-3","status":"publish","type":"post","link":"https:\/\/us.edu.pl\/instytut\/ip\/2025\/05\/05\/dr-agnieszka-skorupa-dla-widzialnej-psychologii-3\/","title":{"rendered":"dr Agnieszka Skorupa dla Widzialnej Psychologii"},"content":{"rendered":"<p>[vc_row][vc_column]\r\n                <div class=\"text-modules \">\r\n                    <div class=\"container\">\r\n                         \r\n                        <div class=\"row m-0\">\r\n                            <div class=\"text-modules__content\">\r\n                                <span style=\"font-size: 14pt;\"><strong>Tytu\u0142:\u00a0<\/strong>\u201eWanda. Opowie\u015b\u0107 o sile \u017cycia i \u015bmierci. Historia Wandy Rutkiewicz\u201d, 2017<\/span><\/p>\n<p><span style=\"font-size: 14pt;\"><strong>Autor:\u00a0<\/strong>Anna Kami\u0144ska<\/span><\/p>\n<p><span style=\"font-size: 14pt;\"><strong>Gatunek:\u00a0<\/strong>biografia<\/span><\/p>\n<p><span style=\"font-size: 14pt;\"><strong>Zagadnienia psychologiczne:\u00a0<\/strong>psychologia narracyjna, psychologia osobowo\u015bci, psychologia m\u0119sko\u015bci i kobieco\u015bci, psychologia sportu, zachowanie cz\u0142owieka w sytuacjach skrajnych i ekstremalnych<\/span><\/p>\n<p><span style=\"font-size: 14pt;\"><strong>Kto poleca:\u00a0<\/strong>dr Agnieszka Skorupa<\/span><\/p>\n<p><span style=\"font-size: 14pt;\">Ka\u017cdy cz\u0142owiek niesie ze sob\u0105 niezwyk\u0142\u0105 histori\u0119. Mnogo\u015b\u0107 wydarze\u0144 spotykaj\u0105cych nas na co dzie\u0144, zmieniaj\u0105ce si\u0119 w trakcie naszego \u017cycia t\u0142o spo\u0142eczne i historyczne, rodzina, z kt\u00f3rej pochodzimy wraz ze wszystkimi jej wadami i zaletami \u2013wszystko to sk\u0142ada si\u0119 na nasz\u0105 to\u017csamo\u015b\u0107 i kszta\u0142tuje nas jako osoby. Dlatego te\u017c ka\u017cda mo\u017cliwo\u015b\u0107 wys\u0142uchania historii \u017cycia konkretnego cz\u0142owieka to spotkanie wr\u0119cz bezcenne, nie tylko dla psycholog\u00f3w. Zdarza si\u0119 jednak, \u017ce historie \u017cycia niekt\u00f3rych ludzi przykuwaj\u0105 nasz\u0105 uwag\u0119 mocniej, ni\u017c innych. Tak mo\u017ce by\u0107 w przypadku historii wybitnej polskiej himalaistki, Wandy Rutkiewicz.<\/span><\/p>\n<p><span style=\"font-size: 14pt;\">Anna Kami\u0144ska snuj\u0105c niezwykle wci\u0105gaj\u0105c\u0105 narracj\u0119 biograficzn\u0105 zatytu\u0142owan\u0105 \u201eWanda. Opowie\u015b\u0107 o sile \u017cycia i \u015bmierci. Historia Wandy Rutkiewicz\u201d przybli\u017ca nam posta\u0107 nieprzeci\u0119tnej polskiej sportsmenki. Czy daje nam ona jednak pewno\u015b\u0107 na temat tego, jaka naprawd\u0119 by\u0142a Wanda Rutkiewicz? By\u0107 mo\u017ce \u017ceby j\u0105 zrozumie\u0107, nale\u017cy przede wszystkim kierowa\u0107 si\u0119 zapisami wywiad\u00f3w i nagra\u0144, w kt\u00f3rych Wanda sama opowiada\u0142a o swoim \u017cyciu? Ale przecie\u017c ka\u017cdy z nas prezentuje publicznie tylko to, co chce \u017ceby by\u0142o ujawnione. Co wi\u0119cej, jako ludzie r\u00f3\u017cnimy si\u0119 poziomem wgl\u0105du i zrozumienia rzeczywistych psychologicznych podstaw naszego zachowania. A mo\u017ce lepiej ws\u0142ucha\u0107 si\u0119 w opowie\u015bci, kt\u00f3re snuj\u0105 \u017cyj\u0105cy jeszcze przyjaciele, krewni i wsp\u00f3\u0142pracownicy Wandy? Tylko czy nie jest tak, \u017ce z ka\u017cdym cz\u0142owiekiem \u0142\u0105czy nas inna relacja, w kt\u00f3rej ods\u0142aniamy si\u0119 na tyle, na ile czujemy si\u0119 bezpiecznie? Do tego za\u015b cudze spostrzeganie naszej osoby jest przefiltrowane przez emocje i do\u015bwiadczenia tych, z kt\u00f3rymi wchodzimy w relacj\u0119, co r\u00f3wnie\u017c mo\u017ce oddala\u0107 od poznania prawdy.<\/span><\/p>\n<p><span style=\"font-size: 14pt;\">Jak zatem zrozumie\u0107 nieustann\u0105 ekspozycj\u0119 na sytuacje graniczne, wtedy gdy Wanda wchodz\u0105c na kolejny szczyt ka\u017cdorazowo ryzykowa\u0142a zdrowiem i \u017cyciem? Sk\u0105d dowiedzie\u0107 si\u0119 jakie koszty emocjonalne naprawd\u0119 ponosi\u0142a do\u015bwiadczaj\u0105c w swoim \u017cyciu \u2013 po\u015brednio lub bezpo\u015brednio \u2013 \u015bmierci kilkudziesi\u0119ciu bliskich os\u00f3b? Jak wczu\u0107 si\u0119 w sytuacj\u0119 bycia kobiet\u0105 w m\u0119skim, rywalizuj\u0105cym \u015bwiece wypraw wysokog\u00f3rskich, gdzie presja bycia najlepsz\u0105 polsk\u0105 sportsmenk\u0105, pierwsz\u0105 europejsk\u0105 na Evere\u015bcie, czy topow\u0105 \u015bwiatow\u0105 wspinaczk\u0105 musia\u0142a by\u0107 ogromna? Wiele pyta\u0144 o \u017cycie, a tak\u017ce o \u015bmier\u0107 Wandy pozostanie dla na ju\u017c na zawsze bez odpowiedzi. Jednak dzi\u0119ki biografii autorstwa Anny Kami\u0144skiej, kt\u00f3ra pozwala na wielog\u0142os ludzkich opowie\u015bci, dokument\u00f3w i nagra\u0144, mo\u017cemy pr\u00f3bowa\u0107 na w\u0142asny spos\u00f3b zrozumie\u0107 t\u0119 wybitn\u0105 posta\u0107 polskiego himalaizmu, a za razem, po prostu, cz\u0142owieka \u2013 Wand\u0119 Rutkiewicz.<\/span> \r\n                                <div class=\"mt-3\"><a href=\"https:\/\/us.edu.pl\/instytut\/ip\/wspolpraca\/widzialna-psychologia\/psychologiczny-dom-kultury\/\" class=\"link-button mr-3 \">Psychologiczny Dom Kultury<\/a><\/div>\r\n                            <\/div>\r\n                            \r\n                            <div class=\"text-modules__img\"><img src=\"https:\/\/us.edu.pl\/instytut\/ip\/wp-content\/uploads\/sites\/33\/Widzialna-psychologia\/wanda.jpg\" alt=\"img\"><\/div>\r\n                        <\/div>\r\n                    <\/div>\r\n                <\/div>[\/vc_column][\/vc_row]<\/p>","protected":false},"excerpt":{"rendered":"<p>[vc_row][vc_column][\/vc_column][\/vc_row] [&#8230;]<\/p>\n<p><a class=\"btn btn-secondary understrap-read-more-link\" href=\"https:\/\/us.edu.pl\/instytut\/ip\/2025\/05\/05\/dr-agnieszka-skorupa-dla-widzialnej-psychologii-3\/\">Read More&#8230;<\/a><\/p>\n","protected":false},"author":6627,"featured_media":0,"comment_status":"open","ping_status":"open","sticky":false,"template":"","format":"standard","meta":{"_expiration-date-status":"","_expiration-date":0,"_expiration-date-type":"","_expiration-date-categories":[],"_expiration-date-options":[]},"categories":[36],"tags":[],"acf":[],"_links":{"self":[{"href":"https:\/\/us.edu.pl\/instytut\/ip\/wp-json\/wp\/v2\/posts\/9731"}],"collection":[{"href":"https:\/\/us.edu.pl\/instytut\/ip\/wp-json\/wp\/v2\/posts"}],"about":[{"href":"https:\/\/us.edu.pl\/instytut\/ip\/wp-json\/wp\/v2\/types\/post"}],"author":[{"embeddable":true,"href":"https:\/\/us.edu.pl\/instytut\/ip\/wp-json\/wp\/v2\/users\/6627"}],"replies":[{"embeddable":true,"href":"https:\/\/us.edu.pl\/instytut\/ip\/wp-json\/wp\/v2\/comments?post=9731"}],"version-history":[{"count":1,"href":"https:\/\/us.edu.pl\/instytut\/ip\/wp-json\/wp\/v2\/posts\/9731\/revisions"}],"predecessor-version":[{"id":9734,"href":"https:\/\/us.edu.pl\/instytut\/ip\/wp-json\/wp\/v2\/posts\/9731\/revisions\/9734"}],"wp:attachment":[{"href":"https:\/\/us.edu.pl\/instytut\/ip\/wp-json\/wp\/v2\/media?parent=9731"}],"wp:term":[{"taxonomy":"category","embeddable":true,"href":"https:\/\/us.edu.pl\/instytut\/ip\/wp-json\/wp\/v2\/categories?post=9731"},{"taxonomy":"post_tag","embeddable":true,"href":"https:\/\/us.edu.pl\/instytut\/ip\/wp-json\/wp\/v2\/tags?post=9731"}],"curies":[{"name":"wp","href":"https:\/\/api.w.org\/{rel}","templated":true}]}}