{"id":9811,"date":"2025-05-05T23:32:34","date_gmt":"2025-05-05T21:32:34","guid":{"rendered":"https:\/\/us.edu.pl\/instytut\/ip\/?p=9811"},"modified":"2025-05-05T23:32:34","modified_gmt":"2025-05-05T21:32:34","slug":"dr-magdalena-rode-dla-widzialnej-psychologii","status":"publish","type":"post","link":"https:\/\/us.edu.pl\/instytut\/ip\/2025\/05\/05\/dr-magdalena-rode-dla-widzialnej-psychologii\/","title":{"rendered":"dr Magdalena Rode dla Widzialnej Psychologii"},"content":{"rendered":"<p>[vc_row][vc_column]\r\n                <div class=\"text-modules \">\r\n                    <div class=\"container\">\r\n                         \r\n                        <div class=\"row m-0\">\r\n                            <div class=\"text-modules__content\">\r\n                                <span style=\"font-size: 14pt;\"><strong>Tytu\u0142:\u00a0<\/strong>Amelia Bedelia<\/span><\/p>\n<p><span style=\"font-size: 14pt;\"><strong>Autor:\u00a0<\/strong>Peggy Parish<\/span><\/p>\n<p><span style=\"font-size: 14pt;\"><strong>Gatunek:\u00a0<\/strong>literatura dzieci\u0119ca (rekomendowany wiek 6-8 lat) i nie tylko\u00a0<\/span><\/p>\n<p><span style=\"font-size: 14pt;\"><strong>Zagadnienia psychologiczne:\u00a0<\/strong>psychologia r\u00f3\u017cnic indywidualnych, psychologia spo\u0142eczna, tolerancja, uwra\u017cliwianie na drugiego cz\u0142owieka<\/span><\/p>\n<p><span style=\"font-size: 14pt;\"><strong>Kto poleca:\u00a0<\/strong>dr Magdalena Rode<\/span><\/p>\n<p>&nbsp;<\/p>\n<p><span style=\"font-size: 14pt;\">Czy zdarzy\u0142o si\u0119 wam, \u017ce zachowanie innego cz\u0142owieka by\u0142o dla was kompletnie zaskakuj\u0105ce? Czy kiedykolwiek kto\u015b sprawi\u0142, \u017ce wasza irytacja si\u0119ga\u0142a zenitu? Co wtedy warto robi\u0107? C\u00f3\u017c, zapewne nie ma tu jednej w\u0142a\u015bciwej \u015bcie\u017cki dzia\u0142ania. A co wy zrobiliby\u015bcie, gdyby kto\u015b pomagaj\u0105cy wam w niekt\u00f3rych pracach domowych, zamiast porz\u0105dku wprowadza\u0142 nieco chaosu i (nie)porz\u0105dku domowego? Na te pytania mo\u017cna znale\u017a\u0107 odpowied\u017a w serii opowie\u015bci o przygodach Amelii Bedeli i jej pracodawcach, czyli pa\u0144stwu Rogers.<\/span><\/p>\n<p><span style=\"font-size: 14pt;\">Amelia \u2013 imi\u0119 po prostu urokliwe. Tak\u0105 te\u017c postaci\u0105 jest Amelia Bedelia, zamieszkuj\u0105ca karty opowie\u015bci autorstwa Peggy Perish, wci\u0105gaj\u0105cej czytelnik\u00f3w w seri\u0119 przyg\u00f3d tej nieposkromionej pomocy domowej. Jaki urok skrywa w sobie bohaterka opowie\u015bci? Amelia Bedelia to osoba zatrudniona przez Pani\u0105 i Pana Rogers do pomocy przy utrzymywaniu porz\u0105dku w ich domu i na posesji. Jest osob\u0105 bardzo potrzebn\u0105, bo nie tylko wykonuje przydzielane jej zadania, ale jednocze\u015bnie doskonale stwarza otaczaj\u0105c\u0105 rzeczywisto\u015b\u0107. Przyk\u0142adowo jest \u201edoskona\u0142\u0105\u201d kreatork\u0105 kulinarnych smak\u00f3w \u2013 a w szczeg\u00f3lno\u015bci bezowego tortu cytrynowego, kt\u00f3rym rozkoszuje si\u0119 Pan Rogers.<\/span><\/p>\n<p><span style=\"font-size: 14pt;\">Amelia Bedelia to posta\u0107 barwna \u2013 jednocze\u015bnie bardzo prostolinijna, ale te\u017c wymagaj\u0105ca wiele cierpliwo\u015bci. Na czym polega jej wyrazisto\u015b\u0107 i ponadpokoleniowe zami\u0142owanie do niej czytelnik\u00f3w? C\u00f3\u017c, bohaterka jest osob\u0105 autentyczn\u0105, naturaln\u0105, nie nak\u0142adaj\u0105c\u0105 na siebie \u017cadnych masek spo\u0142ecznych. Jest bardziej wyrazista w por\u00f3wnaniu do reszty os\u00f3b\u2026 \u015bmieszna, a nawet przezabawna. Wszystko, co si\u0119 do niej m\u00f3wi lub pisze, odbiera w spos\u00f3b dos\u0142owny, bezpo\u015bredni. Nie rozumie kontekstu kierowanych do niej zda\u0144. Obr\u00f3bka percepcyjna trafiaj\u0105cych do niej s\u0142\u00f3w i komponowanych w jej stron\u0119 zda\u0144 odbiega od sposobu rozumienia przeci\u0119tnego cz\u0142owieka. Pod tym wzgl\u0119dem Amelia przypomina dziecko, kt\u00f3re dopiero wchodzi w przestrze\u0144 kompozycji werbalnych, uczy si\u0119 znacze\u0144 i idiom\u00f3w. Ponadto nie rozumie, \u017ce wykona\u0142a co\u015b niepoprawnie. Skutki niekt\u00f3rych jej dzia\u0142a\u0144 s\u0105 straszne, czasami nie odwracalne. Natomiast tym, co zmi\u0119kcza serce i \u0142agodzi frustracje pa\u0144stwa Rogers (i nie tylko), jest jej intencja do czynienia dobra. Amelia, na ka\u017cdym kroku stara si\u0119, by wszystko co ma zrobi\u0107 by\u0142o jak najlepiej wykonane. Zachowuje si\u0119, jak ka\u017cdy z nas, gdy chce sprawi\u0107 innym rado\u015b\u0107, w szczeg\u00f3lno\u015bci za\u015b osobom bliskim. Takimi osobami s\u0105 dla Amelii Bedeli w\u0142a\u015bnie pa\u0144stwo Rogers.<\/span><\/p>\n<p><span style=\"font-size: 14pt;\">Historia Amelii i pa\u0144stwa Rogers to propozycja dla czytelnik\u00f3w w ka\u017cdym wieku. Splot prezentowanych wydarze\u0144 pokazuje wszak nie tylko nieporadno\u015b\u0107 g\u0142\u00f3wnej bohaterki. Na plan pierwszy wychodzi jej wielki zapa\u0142, wielka szczero\u015b\u0107, nastawienie do czynienia dobra. Poznaj\u0105c przygody pomocy domowej, czytelnik oswaja si\u0119 z odmienno\u015bci\u0105 cz\u0142owieka oraz z tym, \u017ce ka\u017cdy z nas mo\u017ce posiada\u0107 deficyty, a nawet dysfunkcje. Dzi\u0119ki losom Amelii Bedeli oraz pa\u0144stwa Rogers mo\u017cna nauczy\u0107 si\u0119 \u015bwiata autentycznych prze\u017cy\u0107 emocjonalnych, pojawiaj\u0105cych si\u0119 w sytuacjach dla nas zaskakuj\u0105cych, czy te\u017c nieznanych. Jednak przede wszystkim, dzi\u0119ki Amelii uczymy si\u0119 uwra\u017cliwienia wzgl\u0119dem os\u00f3b, kt\u00f3re nie zawsze musz\u0105 przypomina\u0107 nas, kt\u00f3re mog\u0105 irytowa\u0107, czy nawet wywo\u0142ywa\u0107 w\u015bciek\u0142o\u015b\u0107. Wszak\u017ce kt\u00f3\u017c z nas wpad\u0142by na pomys\u0142 by zamiast umieszcza\u0107 na czubku choinki wielk\u0105 gwiazd\u0119 u\u017cy\u0107 lusterka, kt\u00f3re ma wskazywa\u0107, \u017ce ka\u017cdy kto w nie spogl\u0105da jest Wielk\u0105 \u015awi\u0105teczn\u0105 Gwiazd\u0105? Tak dzia\u0142a\u0107 potrafi tylko Amelia Bedelia.<\/span> \r\n                                <div class=\"mt-3\"><a href=\"https:\/\/us.edu.pl\/instytut\/ip\/wspolpraca\/widzialna-psychologia\/psychologiczny-dom-kultury\/\" class=\"link-button mr-3 \">Psychologiczny Dom Kultury<\/a><\/div>\r\n                            <\/div>\r\n                            \r\n                            <div class=\"text-modules__img\"><img src=\"https:\/\/us.edu.pl\/instytut\/ip\/wp-content\/uploads\/sites\/33\/Bez-kategorii\/RODE-Amelia-Bedelia-1-1.jpg\" alt=\"img\"><\/div>\r\n                        <\/div>\r\n                    <\/div>\r\n                <\/div>[\/vc_column][\/vc_row]<\/p>","protected":false},"excerpt":{"rendered":"<p>[vc_row][vc_column][\/vc_column][\/vc_row] [&#8230;]<\/p>\n<p><a class=\"btn btn-secondary understrap-read-more-link\" href=\"https:\/\/us.edu.pl\/instytut\/ip\/2025\/05\/05\/dr-magdalena-rode-dla-widzialnej-psychologii\/\">Read More&#8230;<\/a><\/p>\n","protected":false},"author":6627,"featured_media":0,"comment_status":"open","ping_status":"open","sticky":false,"template":"","format":"standard","meta":{"_expiration-date-status":"","_expiration-date":0,"_expiration-date-type":"","_expiration-date-categories":[],"_expiration-date-options":[]},"categories":[36],"tags":[],"acf":[],"_links":{"self":[{"href":"https:\/\/us.edu.pl\/instytut\/ip\/wp-json\/wp\/v2\/posts\/9811"}],"collection":[{"href":"https:\/\/us.edu.pl\/instytut\/ip\/wp-json\/wp\/v2\/posts"}],"about":[{"href":"https:\/\/us.edu.pl\/instytut\/ip\/wp-json\/wp\/v2\/types\/post"}],"author":[{"embeddable":true,"href":"https:\/\/us.edu.pl\/instytut\/ip\/wp-json\/wp\/v2\/users\/6627"}],"replies":[{"embeddable":true,"href":"https:\/\/us.edu.pl\/instytut\/ip\/wp-json\/wp\/v2\/comments?post=9811"}],"version-history":[{"count":1,"href":"https:\/\/us.edu.pl\/instytut\/ip\/wp-json\/wp\/v2\/posts\/9811\/revisions"}],"predecessor-version":[{"id":9814,"href":"https:\/\/us.edu.pl\/instytut\/ip\/wp-json\/wp\/v2\/posts\/9811\/revisions\/9814"}],"wp:attachment":[{"href":"https:\/\/us.edu.pl\/instytut\/ip\/wp-json\/wp\/v2\/media?parent=9811"}],"wp:term":[{"taxonomy":"category","embeddable":true,"href":"https:\/\/us.edu.pl\/instytut\/ip\/wp-json\/wp\/v2\/categories?post=9811"},{"taxonomy":"post_tag","embeddable":true,"href":"https:\/\/us.edu.pl\/instytut\/ip\/wp-json\/wp\/v2\/tags?post=9811"}],"curies":[{"name":"wp","href":"https:\/\/api.w.org\/{rel}","templated":true}]}}