{"id":3350,"date":"2026-04-30T06:14:04","date_gmt":"2026-04-30T04:14:04","guid":{"rendered":"https:\/\/us.edu.pl\/instytut\/ipe\/?p=3350"},"modified":"2026-04-30T06:15:58","modified_gmt":"2026-04-30T04:15:58","slug":"w-dniu-27-kwietnia-odbyla-sie-w-wisle-xxii-miedzynarodowa-konferencja-naukowa-pt-pedagogika-specjalna-i-nauki-pokrewne-wobec-wyzwan-i-oczekiwan-spolecznych","status":"publish","type":"post","link":"https:\/\/us.edu.pl\/instytut\/ipe\/en\/2026\/04\/30\/w-dniu-27-kwietnia-odbyla-sie-w-wisle-xxii-miedzynarodowa-konferencja-naukowa-pt-pedagogika-specjalna-i-nauki-pokrewne-wobec-wyzwan-i-oczekiwan-spolecznych\/","title":{"rendered":"(Polski) XXII Mi\u0119dzynarodowa Konferencja Naukowa\u00a0pt.\u00a0\u201ePedagogika specjalna i nauki pokrewne wobec wyzwa\u0144 i oczekiwa\u0144 spo\u0142ecznych \u2013 nauka w praktyce, praktyka w nauce\u201d"},"content":{"rendered":"<p class=\"qtranxs-available-languages-message qtranxs-available-languages-message-en\">Sorry, this entry is only available in <a href=\"https:\/\/us.edu.pl\/instytut\/ipe\/pl\/wp-json\/wp\/v2\/posts\/3350\" class=\"qtranxs-available-language-link qtranxs-available-language-link-pl\" title=\"Polski\">Polish<\/a>.<\/p>","protected":false},"excerpt":{"rendered":"<p>Sorry, this entry is only available in Polish. [&#8230;]<\/p>\n<p><a class=\"btn btn-secondary understrap-read-more-link\" href=\"https:\/\/us.edu.pl\/instytut\/ipe\/en\/2026\/04\/30\/w-dniu-27-kwietnia-odbyla-sie-w-wisle-xxii-miedzynarodowa-konferencja-naukowa-pt-pedagogika-specjalna-i-nauki-pokrewne-wobec-wyzwan-i-oczekiwan-spolecznych\/\">Read More&#8230;<\/a><\/p>\n","protected":false},"author":7266,"featured_media":3351,"comment_status":"open","ping_status":"open","sticky":false,"template":"","format":"standard","meta":{"_expiration-date-status":"","_expiration-date":0,"_expiration-date-type":"","_expiration-date-categories":[],"_expiration-date-options":[]},"categories":[11,28,8],"tags":[],"acf":[],"_links":{"self":[{"href":"https:\/\/us.edu.pl\/instytut\/ipe\/en\/wp-json\/wp\/v2\/posts\/3350"}],"collection":[{"href":"https:\/\/us.edu.pl\/instytut\/ipe\/en\/wp-json\/wp\/v2\/posts"}],"about":[{"href":"https:\/\/us.edu.pl\/instytut\/ipe\/en\/wp-json\/wp\/v2\/types\/post"}],"author":[{"embeddable":true,"href":"https:\/\/us.edu.pl\/instytut\/ipe\/en\/wp-json\/wp\/v2\/users\/7266"}],"replies":[{"embeddable":true,"href":"https:\/\/us.edu.pl\/instytut\/ipe\/en\/wp-json\/wp\/v2\/comments?post=3350"}],"version-history":[{"count":3,"href":"https:\/\/us.edu.pl\/instytut\/ipe\/en\/wp-json\/wp\/v2\/posts\/3350\/revisions"}],"predecessor-version":[{"id":3354,"href":"https:\/\/us.edu.pl\/instytut\/ipe\/en\/wp-json\/wp\/v2\/posts\/3350\/revisions\/3354"}],"wp:featuredmedia":[{"embeddable":true,"href":"https:\/\/us.edu.pl\/instytut\/ipe\/en\/wp-json\/wp\/v2\/media\/3351"}],"wp:attachment":[{"href":"https:\/\/us.edu.pl\/instytut\/ipe\/en\/wp-json\/wp\/v2\/media?parent=3350"}],"wp:term":[{"taxonomy":"category","embeddable":true,"href":"https:\/\/us.edu.pl\/instytut\/ipe\/en\/wp-json\/wp\/v2\/categories?post=3350"},{"taxonomy":"post_tag","embeddable":true,"href":"https:\/\/us.edu.pl\/instytut\/ipe\/en\/wp-json\/wp\/v2\/tags?post=3350"}],"curies":[{"name":"wp","href":"https:\/\/api.w.org\/{rel}","templated":true}]}}