{"id":1452,"date":"2021-05-17T17:07:35","date_gmt":"2021-05-17T15:07:35","guid":{"rendered":"https:\/\/us.edu.pl\/instytut\/ipe\/?p=1452"},"modified":"2021-05-17T18:28:03","modified_gmt":"2021-05-17T16:28:03","slug":"virtual-cofee-hour-zaprasza-dr-monika-frania","status":"publish","type":"post","link":"https:\/\/us.edu.pl\/instytut\/ipe\/2021\/05\/17\/virtual-cofee-hour-zaprasza-dr-monika-frania\/","title":{"rendered":"Virtual Coffee Hour \u2013 zaprasza dr Monika Frania"},"content":{"rendered":"<p>[vc_row][vc_column][vc_column_text]<span style=\"font-size: 12pt\">W najbli\u017cszy wtorek 18.05.2021 w godzinach 9:30-10:30\u00a0 odb\u0119dzie si\u0119 ostatnie w tym roku akademickim spotkanie z cyklu \u201eVirtual Coffee Hour\u201d. Spotkanie b\u0119dzie mia\u0142o charakter podsumowuj\u0105cy ca\u0142y cykl. Zapraszamy do wszystkich ch\u0119tnych pracownik\u00f3w naukowo-dydaktycznych oraz dydaktycznych pionu Pedagogika, kt\u00f3rzy brali udzia\u0142 w konwersacjach w minionym semestrze.<\/span><\/p>\n<p><span style=\"font-size: 12pt\">\u201eVirtual Coffee Hour\u201d mia\u0142o by\u0107 okazj\u0105 do wzajemnego poznania si\u0119 i integracji os\u00f3b pracuj\u0105cych dotychczas w r\u00f3\u017cnych zespo\u0142ach\/kampusach, a jednocze\u015bnie now\u0105 przestrzeni\u0105 do konwersacji w j\u0119zyku angielskim. Serdeczne podzi\u0119kowania dla wszystkich, kt\u00f3rzy do tej pory wzi\u0119li udzia\u0142 w rozmowach poprzez MS Teams i podzielili si\u0119 swoimi opiniami, pomys\u0142ami i pogl\u0105dami. Dzi\u0119ki Pa\u0144stwu powsta\u0142o forum wymiany ciekawych i inspiruj\u0105cych my\u015bli.<\/span><\/p>\n<p><span style=\"font-size: 12pt\">Serdecznie zapraszamy na ostatni\u0105 dyskusj\u0119 przy wirtualnej kawie! Spotykamy si\u0119 zwyczajowo na kanale MS Teams. Tym razem nie obowi\u0105zuj\u0105 zapisy. W razie potrzeby lub problem\u00f3w mo\u017cna kontaktowa\u0107 si\u0119 poprzez email monika.frania@us.edu.pl<\/span>[\/vc_column_text][\/vc_column][\/vc_row]<\/p>","protected":false},"excerpt":{"rendered":"<p>[vc_row][vc_column][vc_column_text]W najbli\u017cszy wtorek 18.05.2021 w godzinach 9:30-10:30\u00a0 odb\u0119dzie si\u0119 ostatnie w tym roku akademickim spotkanie z cyklu \u201eVirtual Coffee Hour\u201d. Spotkanie b\u0119dzie mia\u0142o charakter podsumowuj\u0105cy ca\u0142y cykl. Zapraszamy do wszystkich ch\u0119tnych pracownik\u00f3w naukowo-dydaktycznych oraz dydaktycznych pionu Pedagogika, kt\u00f3rzy brali udzia\u0142 w konwersacjach w minionym semestrze. \u201eVirtual Coffee Hour\u201d mia\u0142o by\u0107 okazj\u0105 do wzajemnego poznania si\u0119 [&#8230;]<\/p>\n<p><a class=\"btn btn-secondary understrap-read-more-link\" href=\"https:\/\/us.edu.pl\/instytut\/ipe\/2021\/05\/17\/virtual-cofee-hour-zaprasza-dr-monika-frania\/\">Read More&#8230;<\/a><\/p>\n","protected":false},"author":201,"featured_media":1307,"comment_status":"open","ping_status":"open","sticky":false,"template":"","format":"standard","meta":{"_expiration-date-status":"saved","_expiration-date":0,"_expiration-date-type":"","_expiration-date-categories":[],"_expiration-date-options":[]},"categories":[11,8],"tags":[],"acf":[],"_links":{"self":[{"href":"https:\/\/us.edu.pl\/instytut\/ipe\/wp-json\/wp\/v2\/posts\/1452"}],"collection":[{"href":"https:\/\/us.edu.pl\/instytut\/ipe\/wp-json\/wp\/v2\/posts"}],"about":[{"href":"https:\/\/us.edu.pl\/instytut\/ipe\/wp-json\/wp\/v2\/types\/post"}],"author":[{"embeddable":true,"href":"https:\/\/us.edu.pl\/instytut\/ipe\/wp-json\/wp\/v2\/users\/201"}],"replies":[{"embeddable":true,"href":"https:\/\/us.edu.pl\/instytut\/ipe\/wp-json\/wp\/v2\/comments?post=1452"}],"version-history":[{"count":2,"href":"https:\/\/us.edu.pl\/instytut\/ipe\/wp-json\/wp\/v2\/posts\/1452\/revisions"}],"predecessor-version":[{"id":1455,"href":"https:\/\/us.edu.pl\/instytut\/ipe\/wp-json\/wp\/v2\/posts\/1452\/revisions\/1455"}],"wp:featuredmedia":[{"embeddable":true,"href":"https:\/\/us.edu.pl\/instytut\/ipe\/wp-json\/wp\/v2\/media\/1307"}],"wp:attachment":[{"href":"https:\/\/us.edu.pl\/instytut\/ipe\/wp-json\/wp\/v2\/media?parent=1452"}],"wp:term":[{"taxonomy":"category","embeddable":true,"href":"https:\/\/us.edu.pl\/instytut\/ipe\/wp-json\/wp\/v2\/categories?post=1452"},{"taxonomy":"post_tag","embeddable":true,"href":"https:\/\/us.edu.pl\/instytut\/ipe\/wp-json\/wp\/v2\/tags?post=1452"}],"curies":[{"name":"wp","href":"https:\/\/api.w.org\/{rel}","templated":true}]}}