{"id":1737,"date":"2022-01-19T21:14:27","date_gmt":"2022-01-19T20:14:27","guid":{"rendered":"https:\/\/us.edu.pl\/instytut\/ipe\/?p=1737"},"modified":"2022-01-19T21:22:51","modified_gmt":"2022-01-19T20:22:51","slug":"dr-hab-marek-rembierze-w-radiu-rzeszow","status":"publish","type":"post","link":"https:\/\/us.edu.pl\/instytut\/ipe\/2022\/01\/19\/dr-hab-marek-rembierze-w-radiu-rzeszow\/","title":{"rendered":"dr hab. Marek Rembierze w Radiu Rzesz\u00f3w"},"content":{"rendered":"<p>[vc_row][vc_column][vc_column_text]<\/p>\n<div class=\"kvgmc6g5 cxmmr5t8 oygrvhab hcukyx3x c1et5uql ii04i59q\">\n<div dir=\"auto\"><span style=\"font-size: 12pt;\">Czy w imi\u0119 odpowiedzialno\u015bci, mo\u017cna ogranicza\u0107 wolno\u015b\u0107 drugiego i podejmowa\u0107 za niego decyzje, a mo\u017ce pozwoli\u0107 na pope\u0142nianie b\u0142\u0119d\u00f3w? O szczeg\u00f3lnym obowi\u0105zku moralnym, kt\u00f3rym jest odpowiedzialno\u015b\u0107, porozmawiamy z go\u015bciem audycji. B\u0119dzie nim prof. Marek Rembierz, filozof i pedagog z Uniwersytetu \u015al\u0105skiego w Katowicach.<\/span><\/div>\n<\/div>\n<div class=\"cxmmr5t8 oygrvhab hcukyx3x c1et5uql o9v6fnle ii04i59q\">\n<div dir=\"auto\"><span style=\"font-size: 12pt;\">Zaprasza Alicja Kar\u0142owska.<\/span><\/div>\n<\/div>\n<div class=\"cxmmr5t8 oygrvhab hcukyx3x c1et5uql o9v6fnle ii04i59q\">\n<div dir=\"auto\"><span style=\"font-size: 12pt;\"><span class=\"pq6dq46d tbxw36s4 knj5qynh kvgmc6g5 ditlmg2l oygrvhab nvdbi5me sf5mxxl7 gl3lb2sf hhz5lgdu\"><img src=\"https:\/\/www.facebook.com\/images\/emoji.php\/v9\/tcb\/1.5\/16\/1f538.png\" alt=\"\ud83d\udd38\" width=\"16\" height=\"16\" \/><\/span> Strona internetowa: <a class=\"oajrlxb2 g5ia77u1 qu0x051f esr5mh6w e9989ue4 r7d6kgcz rq0escxv nhd2j8a9 nc684nl6 p7hjln8o kvgmc6g5 cxmmr5t8 oygrvhab hcukyx3x jb3vyjys rz4wbd8a qt6c0cv9 a8nywdso i1ao9s8h esuyzwwr f1sip0of lzcic4wl gpro0wi8 py34i1dx\" tabindex=\"0\" role=\"link\" href=\"https:\/\/bit.ly\/3oKZxkw?fbclid=IwAR3hoe6kgxR3yAl0Jz5RJfelFxZ1K2v0_P5eQXAw6FuHGpSdRcJnWbEgMFs\" target=\"_blank\" rel=\"nofollow noopener noreferrer\">https:\/\/bit.ly\/3oKZxkw<\/a><\/span><\/div>\n<div dir=\"auto\"><span style=\"font-size: 12pt;\"><span class=\"pq6dq46d tbxw36s4 knj5qynh kvgmc6g5 ditlmg2l oygrvhab nvdbi5me sf5mxxl7 gl3lb2sf hhz5lgdu\"><img src=\"https:\/\/www.facebook.com\/images\/emoji.php\/v9\/t4c\/1.5\/16\/1f539.png\" alt=\"\ud83d\udd39\" width=\"16\" height=\"16\" \/><\/span> Radio: 90,5 FM<\/span><\/div>\n<\/div>\n<p>[\/vc_column_text][\/vc_column][\/vc_row]<\/p>","protected":false},"excerpt":{"rendered":"<p>[vc_row][vc_column][vc_column_text] Czy w imi\u0119 odpowiedzialno\u015bci, mo\u017cna ogranicza\u0107 wolno\u015b\u0107 drugiego i podejmowa\u0107 za niego decyzje, a mo\u017ce pozwoli\u0107 na pope\u0142nianie b\u0142\u0119d\u00f3w? O szczeg\u00f3lnym obowi\u0105zku moralnym, kt\u00f3rym jest odpowiedzialno\u015b\u0107, porozmawiamy z go\u015bciem audycji. B\u0119dzie nim prof. Marek Rembierz, filozof i pedagog z Uniwersytetu \u015al\u0105skiego w Katowicach. Zaprasza Alicja Kar\u0142owska. Strona internetowa: https:\/\/bit.ly\/3oKZxkw Radio: 90,5 FM [\/vc_column_text][\/vc_column][\/vc_row] [&#8230;]<\/p>\n<p><a class=\"btn btn-secondary understrap-read-more-link\" href=\"https:\/\/us.edu.pl\/instytut\/ipe\/2022\/01\/19\/dr-hab-marek-rembierze-w-radiu-rzeszow\/\">Read More&#8230;<\/a><\/p>\n","protected":false},"author":201,"featured_media":1739,"comment_status":"open","ping_status":"open","sticky":false,"template":"","format":"standard","meta":{"_expiration-date-status":"saved","_expiration-date":0,"_expiration-date-type":"","_expiration-date-categories":[],"_expiration-date-options":[]},"categories":[1,11,8],"tags":[],"acf":[],"_links":{"self":[{"href":"https:\/\/us.edu.pl\/instytut\/ipe\/wp-json\/wp\/v2\/posts\/1737"}],"collection":[{"href":"https:\/\/us.edu.pl\/instytut\/ipe\/wp-json\/wp\/v2\/posts"}],"about":[{"href":"https:\/\/us.edu.pl\/instytut\/ipe\/wp-json\/wp\/v2\/types\/post"}],"author":[{"embeddable":true,"href":"https:\/\/us.edu.pl\/instytut\/ipe\/wp-json\/wp\/v2\/users\/201"}],"replies":[{"embeddable":true,"href":"https:\/\/us.edu.pl\/instytut\/ipe\/wp-json\/wp\/v2\/comments?post=1737"}],"version-history":[{"count":1,"href":"https:\/\/us.edu.pl\/instytut\/ipe\/wp-json\/wp\/v2\/posts\/1737\/revisions"}],"predecessor-version":[{"id":1738,"href":"https:\/\/us.edu.pl\/instytut\/ipe\/wp-json\/wp\/v2\/posts\/1737\/revisions\/1738"}],"wp:featuredmedia":[{"embeddable":true,"href":"https:\/\/us.edu.pl\/instytut\/ipe\/wp-json\/wp\/v2\/media\/1739"}],"wp:attachment":[{"href":"https:\/\/us.edu.pl\/instytut\/ipe\/wp-json\/wp\/v2\/media?parent=1737"}],"wp:term":[{"taxonomy":"category","embeddable":true,"href":"https:\/\/us.edu.pl\/instytut\/ipe\/wp-json\/wp\/v2\/categories?post=1737"},{"taxonomy":"post_tag","embeddable":true,"href":"https:\/\/us.edu.pl\/instytut\/ipe\/wp-json\/wp\/v2\/tags?post=1737"}],"curies":[{"name":"wp","href":"https:\/\/api.w.org\/{rel}","templated":true}]}}