{"id":1744,"date":"2022-01-19T21:52:53","date_gmt":"2022-01-19T20:52:53","guid":{"rendered":"https:\/\/us.edu.pl\/instytut\/ipe\/?p=1744"},"modified":"2022-01-19T21:52:53","modified_gmt":"2022-01-19T20:52:53","slug":"monika-frania-i-fernando-correia-o-ocl-we-wspolnym-artykule","status":"publish","type":"post","link":"https:\/\/us.edu.pl\/instytut\/ipe\/2022\/01\/19\/monika-frania-i-fernando-correia-o-ocl-we-wspolnym-artykule\/","title":{"rendered":"Monika Frania i Fernando Correia o OCL we wsp\u00f3lnym artykule"},"content":{"rendered":"<p>[vc_row][vc_column][vc_column_text]<span style=\"font-size: 12pt;\">Zach\u0119camy do zapoznania si\u0119 z najnowszym artyku\u0142em naukowym <strong><em>\u201eInterpersonal Competences and Attitude to Online Collaborative Learning (OCL) among Future Pedagogues and Educators\u2014A Polish and Portuguese Perspective<\/em><\/strong><em>\u201d<\/em>, kt\u00f3ry ukaza\u0142 si\u0119 w styczniu na \u0142amach czasopisma \u201eEducation Sciences\u201d (80pkt. wg listy MEiN). Tekst prezentuje perspektyw\u0119 polsk\u0105 i portugalsk\u0105 dotycz\u0105c\u0105 poziomu kompetencji interpersonalnych os\u00f3b przygotowuj\u0105cych si\u0119 do zawodu edukatora i pedagoga oraz opini\u0119 respondent\u00f3w na temat uczenia si\u0119 we wsp\u00f3\u0142pracy w \u015brodowisku online.\u00a0 Autorami s\u0105 dr Monika Frania z Instytutu Pedagogiki Uniwersytetu \u015al\u0105skiego w Katowicach oraz dr Fernando Lu\u00eds de Sousa Correia z Universidade da Madeira w Funchal. Publikacja jest owocem wsp\u00f3\u0142pracy mi\u0119dzy badaczami kontynuowanej od 2018 roku.<\/span><\/p>\n<p><span style=\"font-size: 12pt;\">Artyku\u0142 dost\u0119pny jest w formule Open Access pod adresem <a href=\"https:\/\/www.mdpi.com\/1434046\">https:\/\/www.mdpi.com\/1434046<\/a><\/span><\/p>\n<p>[\/vc_column_text][\/vc_column][\/vc_row]<\/p>","protected":false},"excerpt":{"rendered":"<p>[vc_row][vc_column][vc_column_text]Zach\u0119camy do zapoznania si\u0119 z najnowszym artyku\u0142em naukowym \u201eInterpersonal Competences and Attitude to Online Collaborative Learning (OCL) among Future Pedagogues and Educators\u2014A Polish and Portuguese Perspective\u201d, kt\u00f3ry ukaza\u0142 si\u0119 w styczniu na \u0142amach czasopisma \u201eEducation Sciences\u201d (80pkt. wg listy MEiN). Tekst prezentuje perspektyw\u0119 polsk\u0105 i portugalsk\u0105 dotycz\u0105c\u0105 poziomu kompetencji interpersonalnych os\u00f3b przygotowuj\u0105cych si\u0119 do zawodu [&#8230;]<\/p>\n<p><a class=\"btn btn-secondary understrap-read-more-link\" href=\"https:\/\/us.edu.pl\/instytut\/ipe\/2022\/01\/19\/monika-frania-i-fernando-correia-o-ocl-we-wspolnym-artykule\/\">Read More&#8230;<\/a><\/p>\n","protected":false},"author":201,"featured_media":1743,"comment_status":"open","ping_status":"open","sticky":false,"template":"","format":"standard","meta":{"_expiration-date-status":"saved","_expiration-date":0,"_expiration-date-type":"","_expiration-date-categories":[],"_expiration-date-options":[]},"categories":[11,8],"tags":[],"acf":[],"_links":{"self":[{"href":"https:\/\/us.edu.pl\/instytut\/ipe\/wp-json\/wp\/v2\/posts\/1744"}],"collection":[{"href":"https:\/\/us.edu.pl\/instytut\/ipe\/wp-json\/wp\/v2\/posts"}],"about":[{"href":"https:\/\/us.edu.pl\/instytut\/ipe\/wp-json\/wp\/v2\/types\/post"}],"author":[{"embeddable":true,"href":"https:\/\/us.edu.pl\/instytut\/ipe\/wp-json\/wp\/v2\/users\/201"}],"replies":[{"embeddable":true,"href":"https:\/\/us.edu.pl\/instytut\/ipe\/wp-json\/wp\/v2\/comments?post=1744"}],"version-history":[{"count":1,"href":"https:\/\/us.edu.pl\/instytut\/ipe\/wp-json\/wp\/v2\/posts\/1744\/revisions"}],"predecessor-version":[{"id":1745,"href":"https:\/\/us.edu.pl\/instytut\/ipe\/wp-json\/wp\/v2\/posts\/1744\/revisions\/1745"}],"wp:featuredmedia":[{"embeddable":true,"href":"https:\/\/us.edu.pl\/instytut\/ipe\/wp-json\/wp\/v2\/media\/1743"}],"wp:attachment":[{"href":"https:\/\/us.edu.pl\/instytut\/ipe\/wp-json\/wp\/v2\/media?parent=1744"}],"wp:term":[{"taxonomy":"category","embeddable":true,"href":"https:\/\/us.edu.pl\/instytut\/ipe\/wp-json\/wp\/v2\/categories?post=1744"},{"taxonomy":"post_tag","embeddable":true,"href":"https:\/\/us.edu.pl\/instytut\/ipe\/wp-json\/wp\/v2\/tags?post=1744"}],"curies":[{"name":"wp","href":"https:\/\/api.w.org\/{rel}","templated":true}]}}