{"id":2125,"date":"2023-01-17T17:17:14","date_gmt":"2023-01-17T16:17:14","guid":{"rendered":"https:\/\/us.edu.pl\/instytut\/ipe\/?p=2125"},"modified":"2023-01-17T17:17:14","modified_gmt":"2023-01-17T16:17:14","slug":"miedzynarodowa-konferencja-naukowa-nadzieje-i-niepokoje-ludzkosci-wyrazone-w-filozofii-wychowania-xx-i-xxi-wieku-dziedzictwo-jozefa-pietera-1904-1989","status":"publish","type":"post","link":"https:\/\/us.edu.pl\/instytut\/ipe\/2023\/01\/17\/miedzynarodowa-konferencja-naukowa-nadzieje-i-niepokoje-ludzkosci-wyrazone-w-filozofii-wychowania-xx-i-xxi-wieku-dziedzictwo-jozefa-pietera-1904-1989\/","title":{"rendered":"Mi\u0119dzynarodowa Konferencja Naukowa \u201eNadzieje i niepokoje ludzko\u015bci wyra\u017cone w filozofii wychowania XX i XXI wieku. Dziedzictwo J\u00f3zefa Pietera (1904-1989)\u201d"},"content":{"rendered":"<p>[vc_row][vc_column]\r\n                <div class=\"text-modules \">\r\n                    <div class=\"container\">\r\n                         \r\n                        <div class=\"row m-0\">\r\n                            <div class=\"text-modules__content\">\r\n                                <\/p>\n<p><span style=\"font-size: 12pt;\"><strong>Szanowni Pa\u0144stwo,<\/strong><\/span><\/p>\n<p><span style=\"font-size: 12pt;\">z rado\u015bci\u0105 kieruj\u0119 do Pa\u0144stwa zaproszenie do udzia\u0142u w <strong>Mi\u0119dzynarodowej Konferencji Naukowej <\/strong>zatytu\u0142owanej: <em>Nadzieje i niepokoje ludzko\u015bci wyra\u017cone w filozofii wychowania XX i XXI wieku<\/em>. Podtytu\u0142 biodoksograficzny:<em> Dziedzictwo J\u00f3zefa Pietera (1904-1989)<\/em>.<\/span><\/p>\n<p><span style=\"font-size: 12pt;\">Konferencja odb\u0119dzie si\u0119 w Instytucie Pedagogiki Uniwersytetu \u015al\u0105skiego w <strong>Katowicach<\/strong> na ulicy Micha\u0142a Gra\u017cy\u0144skiego 53, w dniu <strong>27 wrze\u015bnia 2023<\/strong> roku. Jej g\u0142\u00f3wnym organizatorem b\u0119dzie Uniwersytet \u015al\u0105ski, za\u015b wsp\u00f3\u0142organizatorem Towarzystwo Pedagogiki Filozoficznej.<\/span><\/p>\n<p><span style=\"font-size: 12pt;\">Uprzejmie prosimy o zapoznanie si\u0119 z tre\u015bci\u0105 za\u0142\u0105cznik\u00f3w:<\/span><\/p>\n<ol>\n<li><span style=\"font-size: 12pt;\"><u>Komunikatem konferencyjnym<\/u>;<\/span><\/li>\n<li><span style=\"font-size: 12pt;\"><u>Kart\u0105 zg\u0142oszenia swego uczestnictwa<\/u>, kt\u00f3r\u0105 nale\u017cy przes\u0142a\u0107 do ko\u0144ca marca na adres e-mailowy: <a href=\"mailto:konferencjanadziejeludzkosci2023@us.edu.pl\">konferencjanadziejeludzkosci2023@us.edu.pl<\/a><\/span><\/li>\n<\/ol>\n<p>&nbsp;<\/p>\n<p><a href=\"https:\/\/us.edu.pl\/instytut\/ipe\/wp-content\/uploads\/sites\/32\/Bez-kategorii\/Komunikat_2023.pdf\" class=\"mtli_attachment mtli_pdf\" data-mtli=\"mtli_filesize334,80kB\">Komunikat_2023<\/a><\/p>\n<p><span style=\"font-size: 12pt;\"><a href=\"https:\/\/us.edu.pl\/instytut\/ipe\/wp-content\/uploads\/sites\/32\/Bez-kategorii\/Zal_1_Karta_zgloszenia_uczestnictwa_w_konferencji.docx\" class=\"mtli_attachment mtli_docx\" data-mtli=\"mtli_filesize21,57kB\">Zal_1_Karta_zg\u0142oszenia_uczestnictwa_w_konferencji<\/a><\/span><\/p>\n<p>&nbsp;<\/p>\n<p><span style=\"font-size: 12pt;\">Liczymy na Pa\u0144stwa obecno\u015b\u0107 na konferencji oraz owocne dyskusje, zapewniaj\u0105c jednocze\u015bnie przyjazn\u0105 atmosfer\u0119 naukow\u0105.<\/span><\/p>\n<p>&nbsp;<\/p>\n<p><span style=\"font-size: 12pt;\">W imieniu organizator\u00f3w serdecznie pozdrawiam i \u015bl\u0119 wyrazy szacunku<\/span><\/p>\n<p><span style=\"font-size: 12pt;\">dr hab. Alicja \u017bywczok, prof. U\u015a (przewodnicz\u0105ca komitetu organizacyjnego).<\/span><\/p>\n<div class=\"mt-3\"><\/div>\r\n                            <\/div>\r\n                            \r\n                            <div class=\"text-modules__img\"><img src=\"https:\/\/us.edu.pl\/instytut\/ipe\/wp-content\/uploads\/sites\/32\/Bez-kategorii\/energy-scaled.jpg\" alt=\"img\"><\/div>\r\n                        <\/div>\r\n                    <\/div>\r\n                <\/div>[\/vc_column][\/vc_row]<\/p>\n<style type=\"text\/css\">a[data-mtli~=\"mtli_filesize334,80kB\"]:after {content:\" (334,80 kB)\"}a[data-mtli~=\"mtli_filesize21,57kB\"]:after {content:\" (21,57 kB)\"}<\/style>","protected":false},"excerpt":{"rendered":"<p>[vc_row][vc_column][\/vc_column][\/vc_row] [&#8230;]<\/p>\n<p><a class=\"btn btn-secondary understrap-read-more-link\" href=\"https:\/\/us.edu.pl\/instytut\/ipe\/2023\/01\/17\/miedzynarodowa-konferencja-naukowa-nadzieje-i-niepokoje-ludzkosci-wyrazone-w-filozofii-wychowania-xx-i-xxi-wieku-dziedzictwo-jozefa-pietera-1904-1989\/\">Read More&#8230;<\/a><\/p>\n","protected":false},"author":201,"featured_media":2126,"comment_status":"open","ping_status":"open","sticky":false,"template":"","format":"standard","meta":{"_expiration-date-status":"","_expiration-date":0,"_expiration-date-type":"","_expiration-date-categories":[],"_expiration-date-options":[]},"categories":[28,8],"tags":[],"acf":[],"_links":{"self":[{"href":"https:\/\/us.edu.pl\/instytut\/ipe\/wp-json\/wp\/v2\/posts\/2125"}],"collection":[{"href":"https:\/\/us.edu.pl\/instytut\/ipe\/wp-json\/wp\/v2\/posts"}],"about":[{"href":"https:\/\/us.edu.pl\/instytut\/ipe\/wp-json\/wp\/v2\/types\/post"}],"author":[{"embeddable":true,"href":"https:\/\/us.edu.pl\/instytut\/ipe\/wp-json\/wp\/v2\/users\/201"}],"replies":[{"embeddable":true,"href":"https:\/\/us.edu.pl\/instytut\/ipe\/wp-json\/wp\/v2\/comments?post=2125"}],"version-history":[{"count":1,"href":"https:\/\/us.edu.pl\/instytut\/ipe\/wp-json\/wp\/v2\/posts\/2125\/revisions"}],"predecessor-version":[{"id":2127,"href":"https:\/\/us.edu.pl\/instytut\/ipe\/wp-json\/wp\/v2\/posts\/2125\/revisions\/2127"}],"wp:featuredmedia":[{"embeddable":true,"href":"https:\/\/us.edu.pl\/instytut\/ipe\/wp-json\/wp\/v2\/media\/2126"}],"wp:attachment":[{"href":"https:\/\/us.edu.pl\/instytut\/ipe\/wp-json\/wp\/v2\/media?parent=2125"}],"wp:term":[{"taxonomy":"category","embeddable":true,"href":"https:\/\/us.edu.pl\/instytut\/ipe\/wp-json\/wp\/v2\/categories?post=2125"},{"taxonomy":"post_tag","embeddable":true,"href":"https:\/\/us.edu.pl\/instytut\/ipe\/wp-json\/wp\/v2\/tags?post=2125"}],"curies":[{"name":"wp","href":"https:\/\/api.w.org\/{rel}","templated":true}]}}