{"id":2164,"date":"2023-03-10T13:47:14","date_gmt":"2023-03-10T12:47:14","guid":{"rendered":"https:\/\/us.edu.pl\/instytut\/ipe\/?p=2164"},"modified":"2023-03-10T13:50:53","modified_gmt":"2023-03-10T12:50:53","slug":"zmarl-profesor-jerzy-modrzewski","status":"publish","type":"post","link":"https:\/\/us.edu.pl\/instytut\/ipe\/2023\/03\/10\/zmarl-profesor-jerzy-modrzewski\/","title":{"rendered":"Zmar\u0142 Profesor Jerzy Modrzewski"},"content":{"rendered":"<p>[vc_row][vc_column][vc_column_text][\/vc_column_text][\/vc_column][\/vc_row][vc_row][vc_column][vc_column_text][\/vc_column_text][\/vc_column][\/vc_row][vc_row][vc_column]\r\n                <div class=\"text-modules \">\r\n                    <div class=\"container\">\r\n                         \r\n                        <div class=\"row m-0\">\r\n                            <div class=\"text-modules__content\">\r\n                                <\/p>\n<table style=\"width: 100%; border-collapse: collapse; border-color: #000000;\" border=\"3\">\n<tbody>\n<tr>\n<td style=\"width: 592.867px;\">\n<p style=\"text-align: center;\"><span style=\"font-size: 12pt;\">Z g\u0142\u0119bokim smutkiem i wielkim \u017calem\u00a0 przyj\u0119li\u015bmy wiadomo\u015b\u0107 o \u015bmierci \u00a0\u00a0<strong>\u00a0\u00a0\u00a0\u00a0\u00a0\u00a0<\/strong><\/span><\/p>\n<p style=\"text-align: center;\"><span style=\"font-size: 14pt;\"><strong>\u00a0<\/strong>\u00a0<strong>\u015bp. Profesora Jerzego Modrzewskiego<\/strong><\/span><\/p>\n<p style=\"text-align: center;\"><span style=\"font-size: 12pt;\">pedagoga spo\u0142ecznego i socjologa wychowania zwi\u0105zanego\u00a0 wieloletni\u0105 aktywno\u015bci\u0105 zawodow\u0105\u00a0 z Uniwersytetem im. Adama Mickiewicza w Poznaniu. \u017begnamy\u00a0 naszego Przyjaciela- wybitnego uczonego o niekwestionowanym autorytecie naukowym, cz\u0142owieka wielce szlachetnego, o otwartym umy\u015ble i sercu. Zachowamy najcieplejsze wspomnienia o wyj\u0105tkowej postaci Profesora, tak bardzo nam bliskiego, o Jego\u00a0 m\u0105dro\u015bci, \u017cyczliwo\u015bci, przyjacielskich gestach. A\u00a0\u00a0 Jego bogata \u00a0tw\u00f3rczo\u015b\u0107 \u00a0naukowo- badawcza \u00a0\u00a0\u00a0b\u0119dzie nas nieustannie inspirowa\u0107<br \/>\nw naszej pracy naukowej.<\/span><\/p>\n<p style=\"text-align: center;\"><span style=\"font-size: 12pt;\">Cze\u015b\u0107 Jego Pami\u0119ci !<\/span><\/p>\n<p style=\"text-align: center;\"><span style=\"font-size: 12pt;\">Rodzinie, Przyjacio\u0142om, Wsp\u00f3\u0142pracownikom \u00a0i Bliskim Profesora oraz\u00a0 Spo\u0142eczno\u015bci akademickiej Wydzia\u0142u Studi\u00f3w Edukacyjnych Uniwersytetu Adama Mickiewicza w Poznaniu\u00a0 sk\u0142adamy\u00a0 wyrazy g\u0142\u0119bokiego \u00a0\u017calu i wsp\u00f3\u0142czucia.<\/span><\/p>\n<p style=\"text-align: right;\"><span style=\"font-size: 12pt;\">Katowiccy Pedagodzy Spo\u0142eczni<\/span><\/p>\n<\/td>\n<\/tr>\n<\/tbody>\n<\/table>\n<div class=\"mt-3\"><\/div>\r\n                            <\/div>\r\n                            \r\n                            <div class=\"text-modules__img\"><img src=\"https:\/\/us.edu.pl\/instytut\/ipe\/wp-content\/uploads\/sites\/32\/Bez-kategorii\/Modrzewski-Jerzy-UAM-001.jpg\" alt=\"img\"><\/div>\r\n                        <\/div>\r\n                    <\/div>\r\n                <\/div>[\/vc_column][\/vc_row][vc_row][vc_column][vc_column_text][\/vc_column_text][\/vc_column][\/vc_row][vc_row][vc_column][vc_column_text]<\/p>","protected":false},"excerpt":{"rendered":"<p>[vc_row][vc_column][vc_column_text][\/vc_column_text][\/vc_column][\/vc_row][vc_row][vc_column][vc_column_text][\/vc_column_text][\/vc_column][\/vc_row][vc_row][vc_column][\/vc_column][\/vc_row][vc_row][vc_column][vc_column_text][\/vc_column_text][\/vc_column][\/vc_row][vc_row][vc_column][vc_column_text] [&#8230;]<\/p>\n<p><a class=\"btn btn-secondary understrap-read-more-link\" href=\"https:\/\/us.edu.pl\/instytut\/ipe\/2023\/03\/10\/zmarl-profesor-jerzy-modrzewski\/\">Read More&#8230;<\/a><\/p>\n","protected":false},"author":201,"featured_media":1492,"comment_status":"open","ping_status":"open","sticky":false,"template":"","format":"standard","meta":{"_expiration-date-status":"","_expiration-date":0,"_expiration-date-type":"","_expiration-date-categories":[],"_expiration-date-options":[]},"categories":[11,8],"tags":[],"acf":[],"_links":{"self":[{"href":"https:\/\/us.edu.pl\/instytut\/ipe\/wp-json\/wp\/v2\/posts\/2164"}],"collection":[{"href":"https:\/\/us.edu.pl\/instytut\/ipe\/wp-json\/wp\/v2\/posts"}],"about":[{"href":"https:\/\/us.edu.pl\/instytut\/ipe\/wp-json\/wp\/v2\/types\/post"}],"author":[{"embeddable":true,"href":"https:\/\/us.edu.pl\/instytut\/ipe\/wp-json\/wp\/v2\/users\/201"}],"replies":[{"embeddable":true,"href":"https:\/\/us.edu.pl\/instytut\/ipe\/wp-json\/wp\/v2\/comments?post=2164"}],"version-history":[{"count":4,"href":"https:\/\/us.edu.pl\/instytut\/ipe\/wp-json\/wp\/v2\/posts\/2164\/revisions"}],"predecessor-version":[{"id":2169,"href":"https:\/\/us.edu.pl\/instytut\/ipe\/wp-json\/wp\/v2\/posts\/2164\/revisions\/2169"}],"wp:featuredmedia":[{"embeddable":true,"href":"https:\/\/us.edu.pl\/instytut\/ipe\/wp-json\/wp\/v2\/media\/1492"}],"wp:attachment":[{"href":"https:\/\/us.edu.pl\/instytut\/ipe\/wp-json\/wp\/v2\/media?parent=2164"}],"wp:term":[{"taxonomy":"category","embeddable":true,"href":"https:\/\/us.edu.pl\/instytut\/ipe\/wp-json\/wp\/v2\/categories?post=2164"},{"taxonomy":"post_tag","embeddable":true,"href":"https:\/\/us.edu.pl\/instytut\/ipe\/wp-json\/wp\/v2\/tags?post=2164"}],"curies":[{"name":"wp","href":"https:\/\/api.w.org\/{rel}","templated":true}]}}