{"id":2219,"date":"2023-04-24T11:47:45","date_gmt":"2023-04-24T09:47:45","guid":{"rendered":"https:\/\/us.edu.pl\/instytut\/ipe\/?p=2219"},"modified":"2023-04-24T11:47:45","modified_gmt":"2023-04-24T09:47:45","slug":"svitlana-sysoieva-profesor-wizytujaca-w-uniwersytecie-slaskim","status":"publish","type":"post","link":"https:\/\/us.edu.pl\/instytut\/ipe\/2023\/04\/24\/svitlana-sysoieva-profesor-wizytujaca-w-uniwersytecie-slaskim\/","title":{"rendered":"Svitlana  Sysoieva \u2013 profesor wizytuj\u0105ca w Uniwersytecie \u015al\u0105skim"},"content":{"rendered":"<p>[vc_row][vc_column]\r\n                <div class=\"text-modules \">\r\n                    <div class=\"container\">\r\n                         \r\n                        <div class=\"row m-0\">\r\n                            <div class=\"text-modules__content\">\r\n                                <\/p>\n<p>Od 17 kwietnia 2023 roku mamy przyjemno\u015b\u0107 go\u015bci\u0107 w Instytucie Pedagogiki Wydzia\u0142u Sztuki i\u00a0Nauk o Edukacji oraz\u00a0 Wydzia\u0142u Nauk Spo\u0142ecznych profesor wizytuj\u0105c\u0105 \u2013 Svitlan\u0119 \u00a0O. Sysoiev\u0105 (\u0421\u0432\u0456\u0442\u043b\u0430\u043d\u0430 \u041e\u043b\u0435\u043a\u0441\u0430\u043d\u0434\u0440\u0456\u0432\u043d\u0430 \u0421\u0438\u0441\u043e\u0454\u0432\u0430).<\/p>\n<p>Prof. dr hab. Svitlana\u00a0 O. Sysoieva jest zas\u0142u\u017conym pracownikiem o\u015bwiaty Ukrainy, cz\u0142onkiem rzeczywistym Narodowej Akademii Nauk Pedagogicznych Ukrainy, kierownikiem Wydzia\u0142u Filozofii O\u015bwiaty, Pedagogiki Og\u00f3lnej i\u00a0Pedagogiki Przedszkolnej.<\/p>\n<p>Wydzia\u0142 Sztuki i Nauk o Edukacji w Cieszynie i Narodowa Akademia Nauk Pedagogicznych Ukrainy prowadz\u0105 od ponad dekady, a formalnie od 2018 roku\u00a0 \u2013 w ramach zawartej mi\u0119dzynarodowej umowy bilateral\u00adnej \u2013 wsp\u00f3\u0142prac\u0119 naukowo-badawcz\u0105 w\u00a0dziedzinie nauk humanistycznych i spo\u0142ecznych, w tym pedagogiki, filozofii edukacji, edukacji mi\u0119dzykulturowej i\u00a0reformowania szkolnictwa wy\u017cszego.<\/p>\n<p>Przyjazd prof. dr hab. Svitlany Sysoievej jako profesor wizytuj\u0105cej dotyczy prowa\u00addzenia bada\u0144 naukowych i wyk\u0142ad\u00f3w, udzia\u0142u w konferencjach naukowych, realizacji wsp\u00f3l\u00adnych projekt\u00f3w badawczych, w\u00a0tym grant\u00f3w mi\u0119dzynarodowych, przygotowania wsp\u00f3lnych publikacji oraz wymiany do\u015bwiadcze\u0144 w\u00a0zakresie organizacji procesu kszta\u0142cenia w\u00a0szkolnictwie wy\u017cszym.<\/p>\n<p>Osob\u0105 organizuj\u0105c\u0105 pobyt profesor wizytuj\u0105cej z ramienia Wydzia\u0142u Sztuki i Nauk o Edukacji jest prof. dr hab. Ewa Ogrodzka-Mazur wraz z Zespo\u0142em Bada\u0144 Kultury i O\u015bwiaty Pogranicza. \r\n                                <div class=\"mt-3\"><\/div>\r\n                            <\/div>\r\n                            \r\n                            <div class=\"text-modules__img\"><img src=\"https:\/\/us.edu.pl\/instytut\/ipe\/wp-content\/uploads\/sites\/32\/Bez-kategorii\/Obraz2.jpg\" alt=\"img\"><\/div>\r\n                        <\/div>\r\n                    <\/div>\r\n                <\/div>[\/vc_column][\/vc_row]<\/p>","protected":false},"excerpt":{"rendered":"<p>[vc_row][vc_column][\/vc_column][\/vc_row] [&#8230;]<\/p>\n<p><a class=\"btn btn-secondary understrap-read-more-link\" href=\"https:\/\/us.edu.pl\/instytut\/ipe\/2023\/04\/24\/svitlana-sysoieva-profesor-wizytujaca-w-uniwersytecie-slaskim\/\">Read More&#8230;<\/a><\/p>\n","protected":false},"author":201,"featured_media":2221,"comment_status":"open","ping_status":"open","sticky":false,"template":"","format":"standard","meta":{"_expiration-date-status":"","_expiration-date":0,"_expiration-date-type":"","_expiration-date-categories":[],"_expiration-date-options":[]},"categories":[11,8],"tags":[],"acf":[],"_links":{"self":[{"href":"https:\/\/us.edu.pl\/instytut\/ipe\/wp-json\/wp\/v2\/posts\/2219"}],"collection":[{"href":"https:\/\/us.edu.pl\/instytut\/ipe\/wp-json\/wp\/v2\/posts"}],"about":[{"href":"https:\/\/us.edu.pl\/instytut\/ipe\/wp-json\/wp\/v2\/types\/post"}],"author":[{"embeddable":true,"href":"https:\/\/us.edu.pl\/instytut\/ipe\/wp-json\/wp\/v2\/users\/201"}],"replies":[{"embeddable":true,"href":"https:\/\/us.edu.pl\/instytut\/ipe\/wp-json\/wp\/v2\/comments?post=2219"}],"version-history":[{"count":1,"href":"https:\/\/us.edu.pl\/instytut\/ipe\/wp-json\/wp\/v2\/posts\/2219\/revisions"}],"predecessor-version":[{"id":2222,"href":"https:\/\/us.edu.pl\/instytut\/ipe\/wp-json\/wp\/v2\/posts\/2219\/revisions\/2222"}],"wp:featuredmedia":[{"embeddable":true,"href":"https:\/\/us.edu.pl\/instytut\/ipe\/wp-json\/wp\/v2\/media\/2221"}],"wp:attachment":[{"href":"https:\/\/us.edu.pl\/instytut\/ipe\/wp-json\/wp\/v2\/media?parent=2219"}],"wp:term":[{"taxonomy":"category","embeddable":true,"href":"https:\/\/us.edu.pl\/instytut\/ipe\/wp-json\/wp\/v2\/categories?post=2219"},{"taxonomy":"post_tag","embeddable":true,"href":"https:\/\/us.edu.pl\/instytut\/ipe\/wp-json\/wp\/v2\/tags?post=2219"}],"curies":[{"name":"wp","href":"https:\/\/api.w.org\/{rel}","templated":true}]}}