{"id":2308,"date":"2023-08-07T12:57:39","date_gmt":"2023-08-07T10:57:39","guid":{"rendered":"https:\/\/us.edu.pl\/instytut\/ipe\/?p=2308"},"modified":"2023-08-07T12:57:39","modified_gmt":"2023-08-07T10:57:39","slug":"nowosc-wydawnicza-naukowcow-naszego-instytutu-mental-health-and-quality-of-life","status":"publish","type":"post","link":"https:\/\/us.edu.pl\/instytut\/ipe\/2023\/08\/07\/nowosc-wydawnicza-naukowcow-naszego-instytutu-mental-health-and-quality-of-life\/","title":{"rendered":"Nowo\u015b\u0107 wydawnicza naukowc\u00f3w naszego Instytutu: &#8222;Mental Health and Quality of Life &#8230;&#8221;"},"content":{"rendered":"<p>[vc_row][vc_column]\r\n                <div class=\"text-modules \">\r\n                    <div class=\"container\">\r\n                         \r\n                        <div class=\"row m-0\">\r\n                            <div class=\"text-modules__content\">\r\n                                <\/p>\n<p><span style=\"font-size: 12pt;\">Zapraszamy do zapoznania si\u0119 z publikacj\u0105 Zenona Gajdzicy, Stanis\u0142awa Byra, Anny Ko\u0142odziej-Zaleskiej, Katarzyny Rutkowskiej, Danieli Dzienniak-Pulina pt. \u201eMental Health and Quality of Life of Adolescents with Physical, Intellectual and Developmental Disabilities: Perspectives of Parents and Children\u201d. August 18, 2023 by Routledge.<\/span><\/p>\n<p><span style=\"font-size: 12pt;\"><strong>Autorkom i Autorom serdecznie gratulujemy!!!<\/strong><\/span><\/p>\n<p><span style=\"font-size: 12pt;\">Description<\/span><\/p>\n<p><span style=\"font-size: 12pt;\">This timely volume addresses issues related to the mental health and health-related quality of life of adolescents through a study with three groups: those with physical, intellectual, and other developmental disabilities, specifically fetal alcohol spectrum disorder (FASD).<\/span><\/p>\n<p><span style=\"font-size: 12pt;\">Investigating the physical, cognitive, and social-emotional dimension of adolescents&#8217; quality of life, the chapters explore the meaning of personal and social resources of adolescents with disability and their parents in the context of the Polish system of support for families with disabled children, further highlighting difficulties intensified by the COVID-19 pandemic.<\/span><\/p>\n<p><span style=\"font-size: 12pt;\">Another field-defining work on the progression of mental health research for children and adolescents, this book will be a useful and timely contribution to researchers, post-graduate students, and scholars in the fields of developmental and social psychology, mental health research, adolescent psychotherapy, and disability. It will also be of interest to school counselors, parents, and caregivers.<\/span><\/p>\n<p>&nbsp;<\/p>\n<p><span style=\"font-size: 12pt;\"><strong>Table of contents<\/strong><\/span><\/p>\n<p><span style=\"font-size: 12pt;\">1. Introduction 2. Youth with a disability from the biopsychosocial perspective \u2013 assumptions of the study 3. Mental health evaluation by adolescents with a disability and by their parents 4. Health-related quality of life of youth with a disability in the physical, emotional, family, peer, and educational context 5. Evaluation of health-related quality of life: perspectives of adolescents with disability and of parents 6. Personal and social resources of adolescents with a disability and of their parents: similarities and differences 7. Meaning of personal and social resources in maintaining health-related quality of life of adolescents with a disability 8. Conclusion<\/span><\/p>\n<p><span style=\"font-size: 12pt;\"><strong>Authors<\/strong> <\/span><\/p>\n<p><span style=\"font-size: 12pt;\"><strong>Zenon Gajdzica<\/strong>, Professor, Special Educator, Institute of Pedagogy, University of Silesia in Katowice, Poland.<b> <\/b><\/span><\/p>\n<p><span style=\"font-size: 12pt;\"><b>Stanis\u0142awa Byra, <\/b>Associate Professor, Special Educator, Institute of Pedagogy, Maria Curie-Sk\u0142odowska University, Poland.<\/span><\/p>\n<p><span style=\"font-size: 12pt;\"><b>Anna Ko\u0142odziej-Zaleska, <\/b>Assistant Professor, Psychologist, Institute of Psychology, University of Silesia in Katowice, Poland.<\/span><\/p>\n<p><span style=\"font-size: 12pt;\"><b>Katarzyna Rutkowska, <\/b>Assistant<b> <\/b>Professor, Psychologist, Institute of Psychology, Maria Curie-Sk\u0142odowska University, Poland.<\/span><\/p>\n<p><span style=\"font-size: 12pt;\"><b>Daniela Dzienniak-Pulina, <\/b>Assistant Professor, Sociologist, Institute of Sociology, University of Silesia in Katowice, Poland.<\/span> \r\n                                <div class=\"mt-3\"><\/div>\r\n                            <\/div>\r\n                            \r\n                            <div class=\"text-modules__img\"><img src=\"https:\/\/us.edu.pl\/instytut\/ipe\/wp-content\/uploads\/sites\/32\/nowosci-wydawnicze\/ksiazka.jpg\" alt=\"img\"><\/div>\r\n                        <\/div>\r\n                    <\/div>\r\n                <\/div>[\/vc_column][\/vc_row]<\/p>","protected":false},"excerpt":{"rendered":"<p>[vc_row][vc_column][\/vc_column][\/vc_row] [&#8230;]<\/p>\n<p><a class=\"btn btn-secondary understrap-read-more-link\" href=\"https:\/\/us.edu.pl\/instytut\/ipe\/2023\/08\/07\/nowosc-wydawnicza-naukowcow-naszego-instytutu-mental-health-and-quality-of-life\/\">Read More&#8230;<\/a><\/p>\n","protected":false},"author":201,"featured_media":2305,"comment_status":"open","ping_status":"open","sticky":false,"template":"","format":"standard","meta":{"_expiration-date-status":"","_expiration-date":0,"_expiration-date-type":"","_expiration-date-categories":[],"_expiration-date-options":[]},"categories":[11,8],"tags":[],"acf":[],"_links":{"self":[{"href":"https:\/\/us.edu.pl\/instytut\/ipe\/wp-json\/wp\/v2\/posts\/2308"}],"collection":[{"href":"https:\/\/us.edu.pl\/instytut\/ipe\/wp-json\/wp\/v2\/posts"}],"about":[{"href":"https:\/\/us.edu.pl\/instytut\/ipe\/wp-json\/wp\/v2\/types\/post"}],"author":[{"embeddable":true,"href":"https:\/\/us.edu.pl\/instytut\/ipe\/wp-json\/wp\/v2\/users\/201"}],"replies":[{"embeddable":true,"href":"https:\/\/us.edu.pl\/instytut\/ipe\/wp-json\/wp\/v2\/comments?post=2308"}],"version-history":[{"count":1,"href":"https:\/\/us.edu.pl\/instytut\/ipe\/wp-json\/wp\/v2\/posts\/2308\/revisions"}],"predecessor-version":[{"id":2309,"href":"https:\/\/us.edu.pl\/instytut\/ipe\/wp-json\/wp\/v2\/posts\/2308\/revisions\/2309"}],"wp:featuredmedia":[{"embeddable":true,"href":"https:\/\/us.edu.pl\/instytut\/ipe\/wp-json\/wp\/v2\/media\/2305"}],"wp:attachment":[{"href":"https:\/\/us.edu.pl\/instytut\/ipe\/wp-json\/wp\/v2\/media?parent=2308"}],"wp:term":[{"taxonomy":"category","embeddable":true,"href":"https:\/\/us.edu.pl\/instytut\/ipe\/wp-json\/wp\/v2\/categories?post=2308"},{"taxonomy":"post_tag","embeddable":true,"href":"https:\/\/us.edu.pl\/instytut\/ipe\/wp-json\/wp\/v2\/tags?post=2308"}],"curies":[{"name":"wp","href":"https:\/\/api.w.org\/{rel}","templated":true}]}}