{"id":3347,"date":"2026-04-27T09:39:16","date_gmt":"2026-04-27T07:39:16","guid":{"rendered":"https:\/\/us.edu.pl\/instytut\/ipe\/?p=3347"},"modified":"2026-04-27T09:39:16","modified_gmt":"2026-04-27T07:39:16","slug":"przedstawicielki-instytutu-pedagogiki-z-wizyta-w-miejskim-przedszkolu-nr-37-im-pracowitych-pszczolek-w-rudzie-slaskiej","status":"publish","type":"post","link":"https:\/\/us.edu.pl\/instytut\/ipe\/2026\/04\/27\/przedstawicielki-instytutu-pedagogiki-z-wizyta-w-miejskim-przedszkolu-nr-37-im-pracowitych-pszczolek-w-rudzie-slaskiej\/","title":{"rendered":"Przedstawicielki Instytutu Pedagogiki z wizyt\u0105 w Miejskim Przedszkolu nr 37 im. Pracowitych Pszcz\u00f3\u0142ek w Rudzie \u015al\u0105skiej"},"content":{"rendered":"<p>[vc_row][vc_column]\r\n                <div class=\"text-modules \">\r\n                    <div class=\"container\">\r\n                         \r\n                        <div class=\"row m-0\">\r\n                            <div class=\"text-modules__content\">\r\n                                <\/p>\n<p>W dniu 22.04.2026 r. dr Hewilia Hetma\u0144czyk, prof. U\u015a oraz dr Ewelina Kawiak z Instytutu Pedagogiki WNS go\u015bci\u0142y w Miejskim Przedszkolu nr 37 im. Pracowitych Pszcz\u00f3\u0142ek w Rudzie \u015al\u0105skiej. Badaczki wzi\u0119\u0142y udzia\u0142 w charakterze cz\u0142onk\u00f3w jury w pokazie mody ekologicznej, podczas kt\u00f3rego dzieci zaprezentowa\u0142y przygotowane przez siebie stroje z recyklingu. Pokaz mody by\u0142 cz\u0119\u015bci\u0105 wojew\u00f3dzkiego konkursu \u201eB\u0104D\u0179 AKTYWNY Z KURATOREM\u201d. Za go\u015bcin\u0119 i ciep\u0142e przyj\u0119cie dzi\u0119kujemy Pani Dyrektor mgr Joannie Stawickiej oraz Nauczycielkom i\u00a0Pracownikom Przedszkola.<\/p>\n<p>Obszern\u0105 relacj\u0119 z pokazu mody wraz ze zdj\u0119ciami z tego wydarzenia znale\u017a\u0107 mo\u017cna na stronie tygodnika Wiadomo\u015bci Rudzkie:<\/p>\n<p><a href=\"https:\/\/wiadomoscirudzkie.pl\/wiadomosci\/aktualnosci\/pracowite-pszczolki-na-wybiegu\/\">https:\/\/wiadomoscirudzkie.pl\/wiadomosci\/aktualnosci\/pracowite-pszczolki-na-wybiegu\/<\/a><\/p>\n<p><a href=\"https:\/\/www.facebook.com\/share\/p\/1CJqE9G8s8\/\">https:\/\/www.facebook.com\/share\/p\/1CJqE9G8s8\/<\/a><\/p>\n<p>&nbsp;<\/p>\n<p>Wizyta w Przedszkolu to pierwsze spotkanie w ramach nawi\u0105zanego z plac\u00f3wk\u0105 porozumienia o wsp\u00f3\u0142pracy. Jego celem jest wspieranie jako\u015bci edukacji poprzez wsp\u00f3ln\u0105 wymian\u0119 do\u015bwiadcze\u0144.<\/p>\n<p>Dzia\u0142ania w ramach nawi\u0105zanego porozumienia koordynuj\u0105 z ramienia Wydzia\u0142u Nauk Spo\u0142ecznych dr hab. Edyta Widawska, prof. U\u015a (Prodziekana do spraw wsp\u00f3\u0142pracy mi\u0119dzynarodowej i krajowej), dr Ewelina Kawiak (Zast\u0119pca Dyrektora kierunku arteterapia, pedagogika, pedagogika specjalna, pedagogika przedszkolna i wczesnoszkolna) oraz dr Maciej Janowski (Dyrektor kierunku studi\u00f3w Psychologia). \r\n                                <div class=\"mt-3\"><\/div>\r\n                            <\/div>\r\n                            \r\n                            <div class=\"text-modules__img\"><img src=\"https:\/\/us.edu.pl\/instytut\/ipe\/wp-content\/uploads\/sites\/32\/Bez-kategorii\/1777208835757.jpg\" alt=\"img\"><\/div>\r\n                        <\/div>\r\n                    <\/div>\r\n                <\/div>[\/vc_column][\/vc_row]<\/p>","protected":false},"excerpt":{"rendered":"<p>[vc_row][vc_column][\/vc_column][\/vc_row] [&#8230;]<\/p>\n<p><a class=\"btn btn-secondary understrap-read-more-link\" href=\"https:\/\/us.edu.pl\/instytut\/ipe\/2026\/04\/27\/przedstawicielki-instytutu-pedagogiki-z-wizyta-w-miejskim-przedszkolu-nr-37-im-pracowitych-pszczolek-w-rudzie-slaskiej\/\">Read More&#8230;<\/a><\/p>\n","protected":false},"author":201,"featured_media":3348,"comment_status":"open","ping_status":"open","sticky":false,"template":"","format":"standard","meta":{"_expiration-date-status":"","_expiration-date":0,"_expiration-date-type":"","_expiration-date-categories":[],"_expiration-date-options":[]},"categories":[11,8],"tags":[],"acf":[],"_links":{"self":[{"href":"https:\/\/us.edu.pl\/instytut\/ipe\/wp-json\/wp\/v2\/posts\/3347"}],"collection":[{"href":"https:\/\/us.edu.pl\/instytut\/ipe\/wp-json\/wp\/v2\/posts"}],"about":[{"href":"https:\/\/us.edu.pl\/instytut\/ipe\/wp-json\/wp\/v2\/types\/post"}],"author":[{"embeddable":true,"href":"https:\/\/us.edu.pl\/instytut\/ipe\/wp-json\/wp\/v2\/users\/201"}],"replies":[{"embeddable":true,"href":"https:\/\/us.edu.pl\/instytut\/ipe\/wp-json\/wp\/v2\/comments?post=3347"}],"version-history":[{"count":1,"href":"https:\/\/us.edu.pl\/instytut\/ipe\/wp-json\/wp\/v2\/posts\/3347\/revisions"}],"predecessor-version":[{"id":3349,"href":"https:\/\/us.edu.pl\/instytut\/ipe\/wp-json\/wp\/v2\/posts\/3347\/revisions\/3349"}],"wp:featuredmedia":[{"embeddable":true,"href":"https:\/\/us.edu.pl\/instytut\/ipe\/wp-json\/wp\/v2\/media\/3348"}],"wp:attachment":[{"href":"https:\/\/us.edu.pl\/instytut\/ipe\/wp-json\/wp\/v2\/media?parent=3347"}],"wp:term":[{"taxonomy":"category","embeddable":true,"href":"https:\/\/us.edu.pl\/instytut\/ipe\/wp-json\/wp\/v2\/categories?post=3347"},{"taxonomy":"post_tag","embeddable":true,"href":"https:\/\/us.edu.pl\/instytut\/ipe\/wp-json\/wp\/v2\/tags?post=3347"}],"curies":[{"name":"wp","href":"https:\/\/api.w.org\/{rel}","templated":true}]}}