{"id":3350,"date":"2026-04-30T06:14:04","date_gmt":"2026-04-30T04:14:04","guid":{"rendered":"https:\/\/us.edu.pl\/instytut\/ipe\/?p=3350"},"modified":"2026-04-30T06:15:58","modified_gmt":"2026-04-30T04:15:58","slug":"w-dniu-27-kwietnia-odbyla-sie-w-wisle-xxii-miedzynarodowa-konferencja-naukowa-pt-pedagogika-specjalna-i-nauki-pokrewne-wobec-wyzwan-i-oczekiwan-spolecznych","status":"publish","type":"post","link":"https:\/\/us.edu.pl\/instytut\/ipe\/2026\/04\/30\/w-dniu-27-kwietnia-odbyla-sie-w-wisle-xxii-miedzynarodowa-konferencja-naukowa-pt-pedagogika-specjalna-i-nauki-pokrewne-wobec-wyzwan-i-oczekiwan-spolecznych\/","title":{"rendered":"XXII Mi\u0119dzynarodowa Konferencja Naukowa\u00a0pt.\u00a0\u201ePedagogika specjalna i nauki pokrewne wobec wyzwa\u0144 i oczekiwa\u0144 spo\u0142ecznych \u2013 nauka w praktyce, praktyka w nauce\u201d"},"content":{"rendered":"<p><span style=\"font-size: 12pt;\">W dniu\u00a0<strong>27 kwietnia<\/strong>\u00a0odby\u0142a si\u0119 w Wi\u015ble\u00a0<strong><em>XXII Mi\u0119dzynarodowa Konferencja Naukowa<\/em><\/strong>\u00a0pt.\u00a0<em>\u201ePedagogika specjalna i nauki pokrewne wobec wyzwa\u0144 i oczekiwa\u0144 spo\u0142ecznych \u2013 nauka w praktyce, praktyka w nauce\u201d<\/em>.<\/span><\/p>\n<p><span style=\"font-size: 12pt;\">Z dum\u0105 informujemy, \u017ce w wydarzeniu aktywny udzia\u0142 wzi\u0119li cz\u0142onkowie\u00a0<strong>Zespo\u0142u INTEGRA<\/strong>: dr Marcin Jurczyk, dr Marta Niemiec oraz dr Anida Szafra\u0144ska. Podczas konferencji Zesp\u00f3\u0142 zaprezentowa\u0142 wst\u0119pne wyniki bada\u0144 dotycz\u0105cych niezwykle wa\u017cnego i aktualnego zagadnienia:\u00a0<strong><em>do\u015bwiadczania rodzicielstwa przez osoby doros\u0142e w spektrum autyzmu<\/em><\/strong><strong><em>.\u00a0<\/em><\/strong>To temat o du\u017cym znaczeniu spo\u0142ecznym, kt\u00f3ry pozwala lepiej rozumie\u0107 potrzeby, wyzwania oraz potencja\u0142 rodzic\u00f3w w spektrum autyzmu, a tak\u017ce budowa\u0107 bardziej \u015bwiadome i w\u0142\u0105czaj\u0105ce spo\u0142ecze\u0144stwo.<\/span><\/p>\n<p><span style=\"font-size: 12pt;\">Serdecznie zapraszamy osoby zainteresowane do udzia\u0142u w prowadzonym badaniu oraz do odwiedzenia strony Zespo\u0142u INTEGRA, gdzie mo\u017cna znale\u017a\u0107 wi\u0119cej informacji o dzia\u0142alno\u015bci i realizowanych projektach:\u00a0<strong><a href=\"https:\/\/us.edu.pl\/wydzial\/wns\/integra\/\" target=\"_blank\" rel=\"noopener noreferrer\">https:\/\/us.edu.pl\/wydzial\/wns\/integra\/<\/a><\/strong><\/span><\/p>","protected":false},"excerpt":{"rendered":"<p>W dniu\u00a027 kwietnia\u00a0odby\u0142a si\u0119 w Wi\u015ble\u00a0XXII Mi\u0119dzynarodowa Konferencja Naukowa\u00a0pt.\u00a0\u201ePedagogika specjalna i nauki pokrewne wobec wyzwa\u0144 i oczekiwa\u0144 spo\u0142ecznych \u2013 nauka w praktyce, praktyka w nauce\u201d. Z dum\u0105 informujemy, \u017ce w wydarzeniu aktywny udzia\u0142 wzi\u0119li cz\u0142onkowie\u00a0Zespo\u0142u INTEGRA: dr Marcin Jurczyk, dr Marta Niemiec oraz dr Anida Szafra\u0144ska. Podczas konferencji Zesp\u00f3\u0142 zaprezentowa\u0142 wst\u0119pne wyniki bada\u0144 dotycz\u0105cych niezwykle [&#8230;]<\/p>\n<p><a class=\"btn btn-secondary understrap-read-more-link\" href=\"https:\/\/us.edu.pl\/instytut\/ipe\/2026\/04\/30\/w-dniu-27-kwietnia-odbyla-sie-w-wisle-xxii-miedzynarodowa-konferencja-naukowa-pt-pedagogika-specjalna-i-nauki-pokrewne-wobec-wyzwan-i-oczekiwan-spolecznych\/\">Read More&#8230;<\/a><\/p>\n","protected":false},"author":7266,"featured_media":3351,"comment_status":"open","ping_status":"open","sticky":false,"template":"","format":"standard","meta":{"_expiration-date-status":"","_expiration-date":0,"_expiration-date-type":"","_expiration-date-categories":[],"_expiration-date-options":[]},"categories":[11,28,8],"tags":[],"acf":[],"_links":{"self":[{"href":"https:\/\/us.edu.pl\/instytut\/ipe\/wp-json\/wp\/v2\/posts\/3350"}],"collection":[{"href":"https:\/\/us.edu.pl\/instytut\/ipe\/wp-json\/wp\/v2\/posts"}],"about":[{"href":"https:\/\/us.edu.pl\/instytut\/ipe\/wp-json\/wp\/v2\/types\/post"}],"author":[{"embeddable":true,"href":"https:\/\/us.edu.pl\/instytut\/ipe\/wp-json\/wp\/v2\/users\/7266"}],"replies":[{"embeddable":true,"href":"https:\/\/us.edu.pl\/instytut\/ipe\/wp-json\/wp\/v2\/comments?post=3350"}],"version-history":[{"count":3,"href":"https:\/\/us.edu.pl\/instytut\/ipe\/wp-json\/wp\/v2\/posts\/3350\/revisions"}],"predecessor-version":[{"id":3354,"href":"https:\/\/us.edu.pl\/instytut\/ipe\/wp-json\/wp\/v2\/posts\/3350\/revisions\/3354"}],"wp:featuredmedia":[{"embeddable":true,"href":"https:\/\/us.edu.pl\/instytut\/ipe\/wp-json\/wp\/v2\/media\/3351"}],"wp:attachment":[{"href":"https:\/\/us.edu.pl\/instytut\/ipe\/wp-json\/wp\/v2\/media?parent=3350"}],"wp:term":[{"taxonomy":"category","embeddable":true,"href":"https:\/\/us.edu.pl\/instytut\/ipe\/wp-json\/wp\/v2\/categories?post=3350"},{"taxonomy":"post_tag","embeddable":true,"href":"https:\/\/us.edu.pl\/instytut\/ipe\/wp-json\/wp\/v2\/tags?post=3350"}],"curies":[{"name":"wp","href":"https:\/\/api.w.org\/{rel}","templated":true}]}}