{"id":504,"date":"2020-04-08T20:50:06","date_gmt":"2020-04-08T18:50:06","guid":{"rendered":"http:\/\/us.edu.pl\/instytut\/ipe\/?p=504"},"modified":"2020-04-08T20:50:29","modified_gmt":"2020-04-08T18:50:29","slug":"dr-hab-ewa-wysocka-prof-us-uzyskala-tytul-profesora","status":"publish","type":"post","link":"https:\/\/us.edu.pl\/instytut\/ipe\/2020\/04\/08\/dr-hab-ewa-wysocka-prof-us-uzyskala-tytul-profesora\/","title":{"rendered":"dr hab. Ewa Wysocka, prof. u\u015b uzyska\u0142a tytu\u0142 Profesora"},"content":{"rendered":"<p>[vc_row][vc_column]\r\n                <div class=\"text-modules\">\r\n                    <div class=\"container\">\r\n                        <h3 class=\"page-title text__title\">dr hab. Ewa Wysocka, prof. u\u015b uzyska\u0142a tytu\u0142 Profesora <\/h3>\r\n                        <div class=\"text-modules__content\"><\/p>\n<p style=\"text-align: center\"><em>Z przyjemno\u015bci\u0105 informujemy, \u017ce dr hab. Ewa Wysocka, prof. u\u015b uzyska\u0142a tytu\u0142 Profesora przyznany przez Prezydenta RP Andrzeja Dud\u0119.<\/em><\/p>\n<p style=\"text-align: center\"><em>W imieniu\u00a0 w\u0142adz dzieka\u0144skich i spo\u0142eczno\u015bci naszego Instytutu <\/em><\/p>\n<p style=\"text-align: center\"><em>\u00a0sk\u0142adamy Pani Profesor gratulacje<\/em><\/p>\n<p>\n<\/div>\r\n                    <\/div>\r\n                <\/div>[\/vc_column][\/vc_row]<\/p>","protected":false},"excerpt":{"rendered":"<p>[vc_row][vc_column][\/vc_column][\/vc_row] [&#8230;]<\/p>\n<p><a class=\"btn btn-secondary understrap-read-more-link\" href=\"https:\/\/us.edu.pl\/instytut\/ipe\/2020\/04\/08\/dr-hab-ewa-wysocka-prof-us-uzyskala-tytul-profesora\/\">Read More&#8230;<\/a><\/p>\n","protected":false},"author":201,"featured_media":505,"comment_status":"open","ping_status":"open","sticky":false,"template":"","format":"standard","meta":{"_expiration-date-status":"saved","_expiration-date":0,"_expiration-date-type":"","_expiration-date-categories":[],"_expiration-date-options":[]},"categories":[1,11,8],"tags":[],"acf":[],"_links":{"self":[{"href":"https:\/\/us.edu.pl\/instytut\/ipe\/wp-json\/wp\/v2\/posts\/504"}],"collection":[{"href":"https:\/\/us.edu.pl\/instytut\/ipe\/wp-json\/wp\/v2\/posts"}],"about":[{"href":"https:\/\/us.edu.pl\/instytut\/ipe\/wp-json\/wp\/v2\/types\/post"}],"author":[{"embeddable":true,"href":"https:\/\/us.edu.pl\/instytut\/ipe\/wp-json\/wp\/v2\/users\/201"}],"replies":[{"embeddable":true,"href":"https:\/\/us.edu.pl\/instytut\/ipe\/wp-json\/wp\/v2\/comments?post=504"}],"version-history":[{"count":1,"href":"https:\/\/us.edu.pl\/instytut\/ipe\/wp-json\/wp\/v2\/posts\/504\/revisions"}],"predecessor-version":[{"id":506,"href":"https:\/\/us.edu.pl\/instytut\/ipe\/wp-json\/wp\/v2\/posts\/504\/revisions\/506"}],"wp:featuredmedia":[{"embeddable":true,"href":"https:\/\/us.edu.pl\/instytut\/ipe\/wp-json\/wp\/v2\/media\/505"}],"wp:attachment":[{"href":"https:\/\/us.edu.pl\/instytut\/ipe\/wp-json\/wp\/v2\/media?parent=504"}],"wp:term":[{"taxonomy":"category","embeddable":true,"href":"https:\/\/us.edu.pl\/instytut\/ipe\/wp-json\/wp\/v2\/categories?post=504"},{"taxonomy":"post_tag","embeddable":true,"href":"https:\/\/us.edu.pl\/instytut\/ipe\/wp-json\/wp\/v2\/tags?post=504"}],"curies":[{"name":"wp","href":"https:\/\/api.w.org\/{rel}","templated":true}]}}