{"id":1220,"date":"2025-03-20T07:00:56","date_gmt":"2025-03-20T06:00:56","guid":{"rendered":"https:\/\/us.edu.pl\/instytut\/ipo\/?p=1220"},"modified":"2025-03-20T14:16:28","modified_gmt":"2025-03-20T13:16:28","slug":"wiersze-stanislawa-baranczaka-w-opracowaniu-prof-dr-hab-dariusza-pawelca","status":"publish","type":"post","link":"https:\/\/us.edu.pl\/instytut\/ipo\/2025\/03\/20\/wiersze-stanislawa-baranczaka-w-opracowaniu-prof-dr-hab-dariusza-pawelca\/","title":{"rendered":"&#8221;Wiersze&#8221; Stanis\u0142awa Bara\u0144czaka w opracowaniu prof. dr. hab. Dariusza Pawelca"},"content":{"rendered":"<p>[vc_row][vc_column width=&#8221;2\/3&#8243;]\r\n                <div class=\"text-modules\">\r\n                    <div class=\"container\">\r\n                        \r\n                        <div class=\"text-modules__content\"><p><span style=\"font-size: 12pt;\">W serii <em>Biblioteka Narodowa<\/em> wydawnictwa Ossolineum ukaza\u0142y si\u0119 <a href=\"https:\/\/wydawnictwo.ossolineum.pl\/produkt\/wiersze-2\/\" target=\"_blank\" rel=\"noopener noreferrer\"><em>Wiersze\u00a0<\/em>Stanis\u0142awa Bara\u0144czaka<\/a>, kt\u00f3re opracowa\u0142 i wst\u0119pem opatrzy\u0142 <a href=\"https:\/\/us.edu.pl\/instytut\/ipo\/pracownicy\/dariusz-pawelec\/\">prof. dr hab. Dariusz Pawelec<\/a>.\u00a0<\/span><\/p>\n<p><span style=\"font-size: 12pt;\">\u201ePowinna by\u0107 nieufno\u015bci\u0105\u201d \u2013 pisa\u0142 Stanis\u0142aw Bara\u0144czak o\u00a0poezji wsp\u00f3\u0142czesnej. \u2013 \u201ePowinna by\u0107 nieufno\u015bci\u0105, bo\u00a0tylko\u00a0to\u00a0usprawiedliwia dzisiaj jej istnienie. Im\u00a0szerszy zasi\u0119g ma\u00a0jaki\u015b \u015brodek wypowiedzi, tym usilniej stara si\u0119 odzwyczai\u0107 nas od\u00a0my\u015blenia, wpoi\u0107 nam te\u00a0czy\u00a0inne prawdy absolutne, podporz\u0105dkowa\u0107 nas okre\u015blonym systemom warto\u015bci, zmusi\u0107 nas do\u00a0takich czy\u00a0innych zachowa\u0144\u201d. Swoj\u0105 tw\u00f3rczo\u015bci\u0105 poetyck\u0105 autor\u00a0Widok\u00f3wki z\u00a0tego \u015bwiata\u00a0raz po\u00a0raz m\u00f3wi: \u201eSprawdzam!\u201d. Z\u00a0podejrzliwo\u015bci\u0105 przygl\u0105da si\u0119 monotonii \u017cycia w\u00a0Polsce Ludowej, n\u0119c\u0105cej, barwnej rzeczywisto\u015bci Ameryki, jak te\u017c perswazyjnemu wymiarowi j\u0119zyka.<\/span><\/p>\n<p><span style=\"font-size: 12pt;\">Edycja w\u00a0serii Biblioteka Narodowa obejmuje wszystkie wiersze Stanis\u0142awa Bara\u0144czaka, pocz\u0105wszy od\u00a0debiutanckiego zbioru\u00a0<em>Korekta twarzy<\/em>\u00a0z\u00a01968 roku oraz\u00a0utwor\u00f3w rozproszonych, a\u017c\u00a0po\u00a0wydan\u0105 w\u00a0roku 1998\u00a0<em>Chirurgiczn\u0105 precyzj\u0119<\/em>\u00a0i\u00a0ostatni opublikowany wiersz, zatytu\u0142owany\u00a0<em>Hemofilia<\/em>.<\/span><\/p>\n<p><span style=\"font-size: 12pt;\"><em>Wst\u0119p<\/em>\u00a0Dariusza Pawelca \u2013 przewodnik po\u00a0najistotniejszych tematach i\u00a0motywach poezji pozna\u0144sko-harwardzkiego autora, t\u0142umacza i\u00a0krytyka literackiego \u2013 daje wgl\u0105d nie\u00a0tylko\u00a0w\u00a0jego tw\u00f3rczo\u015b\u0107 i\u00a0warsztat pisarski, ale\u00a0te\u017c w\u00a0bardziej prywatne oblicze dzie\u0142a Bara\u0144czaka, kt\u00f3ry\u00a0m\u00f3wi\u0142: \u201ePoeta naprawd\u0119 dobry, obok innych umiej\u0119tno\u015bci, musi te\u017c umie\u0107 zdoby\u0107 si\u0119 na\u00a0zrozumienie, \u017ce\u00a0ka\u017cda jego prawda o\u00a0ludziach powinna sprawdza\u0107 si\u0119 r\u00f3wnie\u017c na\u00a0jego przyk\u0142adzie\u201d.<\/span><\/p>\n<\/div>\r\n                    <\/div>\r\n                <\/div>[\/vc_column][vc_column width=&#8221;1\/3&#8243;]\r\n                <div class=\"text-modules\">\r\n                    <div class=\"container\">\r\n                        \r\n                        <div class=\"text-modules__content\"><p><img class=\"alignnone wp-image-1223 size-full\" src=\"http:\/\/us.edu.pl\/instytut\/ipo\/wp-content\/uploads\/sites\/74\/Bez-kategorii\/Okladka-Baranczak-e1742475982795.png\" alt=\"ok\u0142adka ksi\u0105\u017cki wiersze stanis\u0142awa bara\u0144czaka w kolorze bia\u0142ym ze wzorami\" width=\"376\" height=\"475\" \/><\/p>\n<\/div>\r\n                    <\/div>\r\n                <\/div>[\/vc_column][\/vc_row][vc_row][vc_column][vc_column_text][\/vc_column_text][\/vc_column][\/vc_row]<\/p>","protected":false},"excerpt":{"rendered":"<p>[vc_row][vc_column width=&#8221;2\/3&#8243;][\/vc_column][vc_column width=&#8221;1\/3&#8243;][\/vc_column][\/vc_row][vc_row][vc_column][vc_column_text][\/vc_column_text][\/vc_column][\/vc_row] [&#8230;]<\/p>\n<p><a class=\"btn btn-secondary understrap-read-more-link\" href=\"https:\/\/us.edu.pl\/instytut\/ipo\/2025\/03\/20\/wiersze-stanislawa-baranczaka-w-opracowaniu-prof-dr-hab-dariusza-pawelca\/\">Read More&#8230;<\/a><\/p>\n","protected":false},"author":2113,"featured_media":1234,"comment_status":"closed","ping_status":"open","sticky":false,"template":"","format":"standard","meta":{"_expiration-date-status":"","_expiration-date":0,"_expiration-date-type":"","_expiration-date-categories":[],"_expiration-date-options":[]},"categories":[5],"tags":[36],"acf":[],"_links":{"self":[{"href":"https:\/\/us.edu.pl\/instytut\/ipo\/wp-json\/wp\/v2\/posts\/1220"}],"collection":[{"href":"https:\/\/us.edu.pl\/instytut\/ipo\/wp-json\/wp\/v2\/posts"}],"about":[{"href":"https:\/\/us.edu.pl\/instytut\/ipo\/wp-json\/wp\/v2\/types\/post"}],"author":[{"embeddable":true,"href":"https:\/\/us.edu.pl\/instytut\/ipo\/wp-json\/wp\/v2\/users\/2113"}],"replies":[{"embeddable":true,"href":"https:\/\/us.edu.pl\/instytut\/ipo\/wp-json\/wp\/v2\/comments?post=1220"}],"version-history":[{"count":3,"href":"https:\/\/us.edu.pl\/instytut\/ipo\/wp-json\/wp\/v2\/posts\/1220\/revisions"}],"predecessor-version":[{"id":1235,"href":"https:\/\/us.edu.pl\/instytut\/ipo\/wp-json\/wp\/v2\/posts\/1220\/revisions\/1235"}],"wp:featuredmedia":[{"embeddable":true,"href":"https:\/\/us.edu.pl\/instytut\/ipo\/wp-json\/wp\/v2\/media\/1234"}],"wp:attachment":[{"href":"https:\/\/us.edu.pl\/instytut\/ipo\/wp-json\/wp\/v2\/media?parent=1220"}],"wp:term":[{"taxonomy":"category","embeddable":true,"href":"https:\/\/us.edu.pl\/instytut\/ipo\/wp-json\/wp\/v2\/categories?post=1220"},{"taxonomy":"post_tag","embeddable":true,"href":"https:\/\/us.edu.pl\/instytut\/ipo\/wp-json\/wp\/v2\/tags?post=1220"}],"curies":[{"name":"wp","href":"https:\/\/api.w.org\/{rel}","templated":true}]}}