{"id":1239,"date":"2025-04-01T09:54:36","date_gmt":"2025-04-01T07:54:36","guid":{"rendered":"https:\/\/us.edu.pl\/instytut\/ipo\/?p=1239"},"modified":"2025-04-02T09:59:20","modified_gmt":"2025-04-02T07:59:20","slug":"wystapienie-podczas-sympozjum-choroba-w-interdyscyplinarnym-dyskursie-maladycznym","status":"publish","type":"post","link":"https:\/\/us.edu.pl\/instytut\/ipo\/2025\/04\/01\/wystapienie-podczas-sympozjum-choroba-w-interdyscyplinarnym-dyskursie-maladycznym\/","title":{"rendered":"Wyst\u0105pienie podczas sympozjum \u201eChoroba w interdyscyplinarnym dyskursie maladycznym&#8221;"},"content":{"rendered":"<p>[vc_row][vc_column width=&#8221;2\/3&#8243;]\r\n                <div class=\"text-modules\">\r\n                    <div class=\"container\">\r\n                        \r\n                        <div class=\"text-modules__content\"><p>Zach\u0119camy do obejrzenia filmu z sympozjum \u201eChoroba w interdyscyplinarnym dyskursie maladycznym\u201d, kt\u00f3re mia\u0142o miejsce na Warszawskim Uniwersytecie Medycznym 7 marca br.<\/p>\n<p>Jeden z paneli po\u015bwi\u0119cony by\u0142 prezentacji ksi\u0105\u017cki Francesco Rediego <em>Obserwacje na temat \u017cmij. Bachus w Toskanii<\/em>\u00a0wydanej w 2023 roku przez Wydawnictwo Instytutu Bada\u0144 Literackich PAN<em>. <\/em>Monografia<em>\u00a0<\/em>w<em>\u00a0<\/em>przek\u0142adzie Barbary Sosnowskiej i Romana Sosnowskiego, ze wst\u0119pem, komentarzami i przypisami Romana Sosnowskiego ukaza\u0142a si\u0119 w jako tom I w serii <em>Noctes medicae<\/em>.<\/p>\n<p>Moderatorami\u00a0rozmowy byli <a href=\"https:\/\/us.edu.pl\/instytut\/ipo\/pracownicy\/grzegorz-olszanski\/\">dr hab. Grzegorz Olsza\u0144ski, prof. U\u015a<\/a> z Instytutu Polonistyki wraz z dr. hab. Dariuszem Waniczkiem, prof. \u015aUM.<\/p>\n<p><a href=\"https:\/\/www.youtube.com\/watch?v=UjIL8mh0aY8\">Link do wyst\u0105pienia<\/a><\/p>\n<\/div>\r\n                    <\/div>\r\n                <\/div>[\/vc_column][vc_column width=&#8221;1\/3&#8243;]\r\n                <div class=\"text-modules\">\r\n                    <div class=\"container\">\r\n                        \r\n                        <div class=\"text-modules__content\"><p><img class=\"alignnone wp-image-229 size-full\" src=\"http:\/\/us.edu.pl\/instytut\/ipo\/wp-content\/uploads\/sites\/74\/Pracownicy\/prof.-Olszanski.jpg\" alt=\"Grzegorz Olsza\u0144ski\" width=\"640\" height=\"800\" srcset=\"https:\/\/us.edu.pl\/instytut\/ipo\/wp-content\/uploads\/sites\/74\/Pracownicy\/prof.-Olszanski.jpg 640w, https:\/\/us.edu.pl\/instytut\/ipo\/wp-content\/uploads\/sites\/74\/Pracownicy\/prof.-Olszanski-240x300.jpg 240w, https:\/\/us.edu.pl\/instytut\/ipo\/wp-content\/uploads\/sites\/74\/Pracownicy\/prof.-Olszanski-460x575.jpg 460w\" sizes=\"(max-width: 640px) 100vw, 640px\" \/><\/p>\n<\/div>\r\n                    <\/div>\r\n                <\/div>[\/vc_column][\/vc_row]<\/p>","protected":false},"excerpt":{"rendered":"<p>[vc_row][vc_column width=&#8221;2\/3&#8243;][\/vc_column][vc_column width=&#8221;1\/3&#8243;][\/vc_column][\/vc_row] [&#8230;]<\/p>\n<p><a class=\"btn btn-secondary understrap-read-more-link\" href=\"https:\/\/us.edu.pl\/instytut\/ipo\/2025\/04\/01\/wystapienie-podczas-sympozjum-choroba-w-interdyscyplinarnym-dyskursie-maladycznym\/\">Read More&#8230;<\/a><\/p>\n","protected":false},"author":2429,"featured_media":229,"comment_status":"closed","ping_status":"open","sticky":false,"template":"","format":"standard","meta":{"_expiration-date-status":"","_expiration-date":0,"_expiration-date-type":"","_expiration-date-categories":[],"_expiration-date-options":[]},"categories":[5],"tags":[],"acf":[],"_links":{"self":[{"href":"https:\/\/us.edu.pl\/instytut\/ipo\/wp-json\/wp\/v2\/posts\/1239"}],"collection":[{"href":"https:\/\/us.edu.pl\/instytut\/ipo\/wp-json\/wp\/v2\/posts"}],"about":[{"href":"https:\/\/us.edu.pl\/instytut\/ipo\/wp-json\/wp\/v2\/types\/post"}],"author":[{"embeddable":true,"href":"https:\/\/us.edu.pl\/instytut\/ipo\/wp-json\/wp\/v2\/users\/2429"}],"replies":[{"embeddable":true,"href":"https:\/\/us.edu.pl\/instytut\/ipo\/wp-json\/wp\/v2\/comments?post=1239"}],"version-history":[{"count":3,"href":"https:\/\/us.edu.pl\/instytut\/ipo\/wp-json\/wp\/v2\/posts\/1239\/revisions"}],"predecessor-version":[{"id":1246,"href":"https:\/\/us.edu.pl\/instytut\/ipo\/wp-json\/wp\/v2\/posts\/1239\/revisions\/1246"}],"wp:featuredmedia":[{"embeddable":true,"href":"https:\/\/us.edu.pl\/instytut\/ipo\/wp-json\/wp\/v2\/media\/229"}],"wp:attachment":[{"href":"https:\/\/us.edu.pl\/instytut\/ipo\/wp-json\/wp\/v2\/media?parent=1239"}],"wp:term":[{"taxonomy":"category","embeddable":true,"href":"https:\/\/us.edu.pl\/instytut\/ipo\/wp-json\/wp\/v2\/categories?post=1239"},{"taxonomy":"post_tag","embeddable":true,"href":"https:\/\/us.edu.pl\/instytut\/ipo\/wp-json\/wp\/v2\/tags?post=1239"}],"curies":[{"name":"wp","href":"https:\/\/api.w.org\/{rel}","templated":true}]}}