{"id":1560,"date":"2025-08-27T15:00:26","date_gmt":"2025-08-27T13:00:26","guid":{"rendered":"https:\/\/us.edu.pl\/instytut\/ipo\/?p=1560"},"modified":"2025-08-27T15:00:26","modified_gmt":"2025-08-27T13:00:26","slug":"ukazala-sie-dusza-kalabrii-kazimiery-alberti-przygotowana-przez-prof-mariusza-jochemczyka-i-prof-milosza-piotrowiaka","status":"publish","type":"post","link":"https:\/\/us.edu.pl\/instytut\/ipo\/2025\/08\/27\/ukazala-sie-dusza-kalabrii-kazimiery-alberti-przygotowana-przez-prof-mariusza-jochemczyka-i-prof-milosza-piotrowiaka\/","title":{"rendered":"Ukaza\u0142a si\u0119 \u201eDusza Kalabrii\u201d Kazimiery Alberti przygotowana przez prof. Mariusza Jochemczyka i prof. Mi\u0142osza Piotrowiaka"},"content":{"rendered":"<p>[vc_row][vc_column width=&#8221;2\/3&#8243;]\r\n                <div class=\"text-modules\">\r\n                    <div class=\"container\">\r\n                        \r\n                        <div class=\"text-modules__content\"><p><span style=\"font-size: 12pt;\">W Wydawnictwie Uniwersytetu \u015al\u0105skiego ukaza\u0142a si\u0119 ksi\u0105\u017cka Kazimiery Alberti pt. \u201e<a href=\"https:\/\/monograph.us.edu.pl\/index.php\/wydawnictwo\/catalog\/book\/PN.4279\" target=\"_blank\" rel=\"noopener noreferrer\"><em>Dusza Kalabrii<\/em><\/a>\u201d w opracowaniu pracownik\u00f3w Instytutu Polonistyki: <a href=\"https:\/\/us.edu.pl\/instytut\/ipo\/pracownicy\/mariusz-jochemczyk\/\" target=\"_blank\" rel=\"noopener noreferrer\">Mariusza Jochemczyka<\/a> i <a href=\"https:\/\/us.edu.pl\/instytut\/ipo\/pracownicy\/milosz-piotrowiak\/\" target=\"_blank\" rel=\"noopener noreferrer\">Mi\u0142osza Piotrowiaka<\/a> przy wsp\u00f3\u0142udziale Janiny Janas oraz w przek\u0142adzie Sandry Struga\u0142y, Ma\u0142gorzaty \u015alarzy\u0144skiej, t\u0142umaczenie przejrza\u0142 Marcin Wyrembelski.<\/span><\/p>\n<p><span style=\"font-size: 12pt;\">Jest to pierwsza publikacja przygotowana w ramach projektu Uniwersalia 2.2: \u201eZ ziemi w\u0142oskiej do Polski\u2026\u201d T\u0142umaczenie oraz edycja naukowa wraz z komparatystycznym komentarzem tetralogii reporterskiej Kazimiery Alberti (NPRH\/U22\/SP\/0025\/2023\/12).<\/span><\/p>\n<p><span style=\"font-size: 12pt;\">Prezentowana ksi\u0105\u017cka Kazimiery Alberti stanowi znakomity przyk\u0142ad literatury gatunkowej: to z werw\u0105 napisany reporta\u017c podr\u00f3\u017cny. \u201e<em>Dusza Kalabrii<\/em>\u201d stanowi pierwsze ogniwo czteroelementowego cyklu, kt\u00f3remu na imi\u0119 \u201eItalia nieznana\u201d. I jako takie nale\u017cy bez w\u0105tpienia do \u015bwiatowego dziedzictwa, kt\u00f3re mo\u017cemy oznaczy\u0107 etykiet\u0105: literatura \u201eGrand Tour\u201d. Pielgrzymki pisarzy do \u017ar\u00f3de\u0142 kultury \u015br\u00f3dziemnomorskiej stanowi\u0142y od wiek\u00f3w element formuj\u0105cy \u015bwiadomo\u015b\u0107 jednostki oraz decydowa\u0142y o wyskalowaniu poznawczych horyzont\u00f3w osoby wybitnej. Jak zauwa\u017caj\u0105 w\u0142oscy krytycy (tu\u017c po publikacji kolejnych tom\u00f3w w\u0142oskiego cyklu), pisarstwo Alberti sytuuje si\u0119 po stronie dojrza\u0142ej refleksji filozoficznej zwi\u0105zanej z okre\u015bleniem miejsca cz\u0142owieka postwojennego w kulturze i przestrzeni \u201ezdruzgotanej\u201d. Alberti pozostaje tu w absolutnej europejskiej awangardzie \u2013 \u0142\u0105cz\u0105c medytacj\u0119 nad krajobrazem, obserwacje ludzi i obiekt\u00f3w dziedzictwa z refleksj\u0105 historiozoficzn\u0105 i poetyck\u0105 wra\u017cliwo\u015bci\u0105 diagnozy. Zbli\u017ca si\u0119 w tym do pomnikowych dokona\u0144 np. P.P. Pasoliniego (por. <em>La lunga strada di sabbia<\/em>) czy G. Piovene. Pierwsza ods\u0142ona dzie\u0142a prowadzi nas w stron\u0119 dziedzictwa Wielkiej Grecji.<\/span><\/p>\n<\/div>\r\n                    <\/div>\r\n                <\/div>[\/vc_column][vc_column width=&#8221;1\/3&#8243;]\r\n                <div class=\"text-modules\">\r\n                    <div class=\"container\">\r\n                        \r\n                        <div class=\"text-modules__content\"><p><img class=\"alignnone wp-image-1562\" src=\"http:\/\/us.edu.pl\/instytut\/ipo\/wp-content\/uploads\/sites\/74\/Bez-kategorii\/dusza-kalabrii-717x1024.jpg\" alt=\"dusza kalabrii kolorowa ok\u0142adka z motywem ro\u015blinnym\" width=\"350\" height=\"500\" srcset=\"https:\/\/us.edu.pl\/instytut\/ipo\/wp-content\/uploads\/sites\/74\/Bez-kategorii\/dusza-kalabrii-717x1024.jpg 717w, https:\/\/us.edu.pl\/instytut\/ipo\/wp-content\/uploads\/sites\/74\/Bez-kategorii\/dusza-kalabrii-210x300.jpg 210w, https:\/\/us.edu.pl\/instytut\/ipo\/wp-content\/uploads\/sites\/74\/Bez-kategorii\/dusza-kalabrii-768x1097.jpg 768w, https:\/\/us.edu.pl\/instytut\/ipo\/wp-content\/uploads\/sites\/74\/Bez-kategorii\/dusza-kalabrii-1075x1536.jpg 1075w, https:\/\/us.edu.pl\/instytut\/ipo\/wp-content\/uploads\/sites\/74\/Bez-kategorii\/dusza-kalabrii-1434x2048.jpg 1434w, https:\/\/us.edu.pl\/instytut\/ipo\/wp-content\/uploads\/sites\/74\/Bez-kategorii\/dusza-kalabrii-403x575.jpg 403w, https:\/\/us.edu.pl\/instytut\/ipo\/wp-content\/uploads\/sites\/74\/Bez-kategorii\/dusza-kalabrii-scaled.jpg 1792w\" sizes=\"(max-width: 350px) 100vw, 350px\" \/><\/p>\n<\/div>\r\n                    <\/div>\r\n                <\/div>[\/vc_column][\/vc_row]<\/p>","protected":false},"excerpt":{"rendered":"<p>[vc_row][vc_column width=&#8221;2\/3&#8243;][\/vc_column][vc_column width=&#8221;1\/3&#8243;][\/vc_column][\/vc_row] [&#8230;]<\/p>\n<p><a class=\"btn btn-secondary understrap-read-more-link\" href=\"https:\/\/us.edu.pl\/instytut\/ipo\/2025\/08\/27\/ukazala-sie-dusza-kalabrii-kazimiery-alberti-przygotowana-przez-prof-mariusza-jochemczyka-i-prof-milosza-piotrowiaka\/\">Read More&#8230;<\/a><\/p>\n","protected":false},"author":2113,"featured_media":1572,"comment_status":"closed","ping_status":"open","sticky":false,"template":"","format":"standard","meta":{"_expiration-date-status":"","_expiration-date":0,"_expiration-date-type":"","_expiration-date-categories":[],"_expiration-date-options":[]},"categories":[5],"tags":[36],"acf":[],"_links":{"self":[{"href":"https:\/\/us.edu.pl\/instytut\/ipo\/wp-json\/wp\/v2\/posts\/1560"}],"collection":[{"href":"https:\/\/us.edu.pl\/instytut\/ipo\/wp-json\/wp\/v2\/posts"}],"about":[{"href":"https:\/\/us.edu.pl\/instytut\/ipo\/wp-json\/wp\/v2\/types\/post"}],"author":[{"embeddable":true,"href":"https:\/\/us.edu.pl\/instytut\/ipo\/wp-json\/wp\/v2\/users\/2113"}],"replies":[{"embeddable":true,"href":"https:\/\/us.edu.pl\/instytut\/ipo\/wp-json\/wp\/v2\/comments?post=1560"}],"version-history":[{"count":3,"href":"https:\/\/us.edu.pl\/instytut\/ipo\/wp-json\/wp\/v2\/posts\/1560\/revisions"}],"predecessor-version":[{"id":1576,"href":"https:\/\/us.edu.pl\/instytut\/ipo\/wp-json\/wp\/v2\/posts\/1560\/revisions\/1576"}],"wp:featuredmedia":[{"embeddable":true,"href":"https:\/\/us.edu.pl\/instytut\/ipo\/wp-json\/wp\/v2\/media\/1572"}],"wp:attachment":[{"href":"https:\/\/us.edu.pl\/instytut\/ipo\/wp-json\/wp\/v2\/media?parent=1560"}],"wp:term":[{"taxonomy":"category","embeddable":true,"href":"https:\/\/us.edu.pl\/instytut\/ipo\/wp-json\/wp\/v2\/categories?post=1560"},{"taxonomy":"post_tag","embeddable":true,"href":"https:\/\/us.edu.pl\/instytut\/ipo\/wp-json\/wp\/v2\/tags?post=1560"}],"curies":[{"name":"wp","href":"https:\/\/api.w.org\/{rel}","templated":true}]}}