{"id":1588,"date":"2025-08-29T15:01:13","date_gmt":"2025-08-29T13:01:13","guid":{"rendered":"https:\/\/us.edu.pl\/instytut\/ipo\/?p=1588"},"modified":"2025-08-29T15:02:49","modified_gmt":"2025-08-29T13:02:49","slug":"nowa-ksiazka-katarzyny-niesporek-klanowskiej","status":"publish","type":"post","link":"https:\/\/us.edu.pl\/instytut\/ipo\/2025\/08\/29\/nowa-ksiazka-katarzyny-niesporek-klanowskiej\/","title":{"rendered":"Nowa ksi\u0105\u017cka Katarzyny Niesporek-Klanowskiej"},"content":{"rendered":"<p>[vc_row][vc_column width=&#8221;2\/3&#8243;]\r\n                <div class=\"text-modules\">\r\n                    <div class=\"container\">\r\n                        \r\n                        <div class=\"text-modules__content\"><p><span style=\"font-size: 12pt;\">W Wydawnictwie Naukowym \u201e\u015al\u0105sk\u201d ukaza\u0142a si\u0119 monografia <a href=\"https:\/\/us.edu.pl\/instytut\/ipo\/pracownicy\/katarzyna-niesporek-klanowska\/\" target=\"_blank\" rel=\"noopener noreferrer\">dr Katarzyny Niesporek-Klanowskiej<\/a>, pracownicy Instytutu Polonistyki, pt. \u201e<a href=\"https:\/\/www.slaskwn.com.pl\/sklep\/odcienie-bolu-trzy-szkice-o-poezji-jozefa-wittlina\" target=\"_blank\" rel=\"noopener noreferrer\">Odcienie b\u00f3lu. Trzy szkice o poezji J\u00f3zefa Wittlina<\/a>\u201d<\/span><\/p>\n<p><span style=\"font-size: 12pt;\">Na ksi\u0105\u017ck\u0119 sk\u0142adaj\u0105 si\u0119 interpretacje trzech utwor\u00f3w J\u00f3zefa Wittlina. Pierwsza z nich dotyczy <em>Elegii do Homera<\/em> i wielokrotnie poprawianych przez t\u0142umacza przek\u0142ad\u00f3w <em>Odysei<\/em>, w kt\u00f3rej poeta dostrzega\u0142 odbicie najtrudniejszych do\u015bwiadcze\u0144 cz\u0142owieka XX wieku. Druga, om\u00f3wienie poematu <em>B\u00f3l drzewa<\/em>, pochodz\u0105cego z debiutanckich <em>Hymn\u00f3w<\/em>, b\u0119d\u0105cych reakcj\u0105 na koszmar I wojny \u015bwiatowej, eksponuje podmiotowy charakter tego, co nieludzkie, a co towarzyszy cz\u0142owiekowi i z nim wsp\u00f3\u0142odczuwa. Bohaterem i podmiotem utworu jest bowiem drzewo, kt\u00f3re sta\u0142o si\u0119 krzy\u017cem, opowiadaj\u0105ce swoj\u0105 histori\u0119, splecion\u0105 z histori\u0105 zbawienia, upominaj\u0105ce si\u0119 o prawo do odczuwania i cierpienia oraz o w\u0142asn\u0105 godno\u015b\u0107. Ostatni szkic, po\u015bwi\u0119cony utworowi <em>Stabat Mater<\/em> z 1942 roku, \u0142\u0105czy tradycyjn\u0105 figur\u0119 Matki Bolesnej, zwielokrotnion\u0105 od wymiar\u00f3w symbolicznych po konkretne wojenne realia, z okrutnym, nowoczesnym motywem \u201ematki powieszonych\u201d.<\/span><\/p>\n<p><span style=\"font-size: 12pt;\">Z przedstawionych konkretyzacji wy\u0142ania si\u0119 do\u015bwiadczenie b\u00f3lu, z kt\u00f3rego autor <em>Soli ziemi<\/em> pr\u00f3buje zdj\u0105\u0107 os\u0142on\u0119 i ukaza\u0107 r\u00f3\u017cne jego odcienie. Wychodz\u0105c od b\u00f3lu w\u0142asnego, przekonany jednak, \u017ce ka\u017cde cierpienie domaga si\u0119 podmiotowej ekspresji, w centrum zainteresowania stawia doznania najs\u0142abszych i skrzywdzonych \u2013 nie tylko ludzi, ale tak\u017ce zale\u017cnych od nich ro\u015blin i zwierz\u0105t.<\/span><\/p>\n<\/div>\r\n                    <\/div>\r\n                <\/div>[\/vc_column][vc_column width=&#8221;1\/3&#8243;]\r\n                <div class=\"text-modules\">\r\n                    <div class=\"container\">\r\n                        \r\n                        <div class=\"text-modules__content\"><p><img class=\"alignnone wp-image-1591\" src=\"http:\/\/us.edu.pl\/instytut\/ipo\/wp-content\/uploads\/sites\/74\/Bez-kategorii\/odcienie_bolu.jpg\" alt=\"napis odcienie b\u00f3lu na tle szaro-br\u0105zowym\" width=\"350\" height=\"480\" srcset=\"https:\/\/us.edu.pl\/instytut\/ipo\/wp-content\/uploads\/sites\/74\/Bez-kategorii\/odcienie_bolu.jpg 456w, https:\/\/us.edu.pl\/instytut\/ipo\/wp-content\/uploads\/sites\/74\/Bez-kategorii\/odcienie_bolu-219x300.jpg 219w, https:\/\/us.edu.pl\/instytut\/ipo\/wp-content\/uploads\/sites\/74\/Bez-kategorii\/odcienie_bolu-420x575.jpg 420w\" sizes=\"(max-width: 350px) 100vw, 350px\" \/><\/p>\n<\/div>\r\n                    <\/div>\r\n                <\/div>[\/vc_column][\/vc_row]<\/p>","protected":false},"excerpt":{"rendered":"<p>[vc_row][vc_column width=&#8221;2\/3&#8243;][\/vc_column][vc_column width=&#8221;1\/3&#8243;][\/vc_column][\/vc_row] [&#8230;]<\/p>\n<p><a class=\"btn btn-secondary understrap-read-more-link\" href=\"https:\/\/us.edu.pl\/instytut\/ipo\/2025\/08\/29\/nowa-ksiazka-katarzyny-niesporek-klanowskiej\/\">Read More&#8230;<\/a><\/p>\n","protected":false},"author":2113,"featured_media":1594,"comment_status":"closed","ping_status":"open","sticky":false,"template":"","format":"standard","meta":{"_expiration-date-status":"","_expiration-date":0,"_expiration-date-type":"","_expiration-date-categories":[],"_expiration-date-options":[]},"categories":[5],"tags":[36],"acf":[],"_links":{"self":[{"href":"https:\/\/us.edu.pl\/instytut\/ipo\/wp-json\/wp\/v2\/posts\/1588"}],"collection":[{"href":"https:\/\/us.edu.pl\/instytut\/ipo\/wp-json\/wp\/v2\/posts"}],"about":[{"href":"https:\/\/us.edu.pl\/instytut\/ipo\/wp-json\/wp\/v2\/types\/post"}],"author":[{"embeddable":true,"href":"https:\/\/us.edu.pl\/instytut\/ipo\/wp-json\/wp\/v2\/users\/2113"}],"replies":[{"embeddable":true,"href":"https:\/\/us.edu.pl\/instytut\/ipo\/wp-json\/wp\/v2\/comments?post=1588"}],"version-history":[{"count":1,"href":"https:\/\/us.edu.pl\/instytut\/ipo\/wp-json\/wp\/v2\/posts\/1588\/revisions"}],"predecessor-version":[{"id":1592,"href":"https:\/\/us.edu.pl\/instytut\/ipo\/wp-json\/wp\/v2\/posts\/1588\/revisions\/1592"}],"wp:featuredmedia":[{"embeddable":true,"href":"https:\/\/us.edu.pl\/instytut\/ipo\/wp-json\/wp\/v2\/media\/1594"}],"wp:attachment":[{"href":"https:\/\/us.edu.pl\/instytut\/ipo\/wp-json\/wp\/v2\/media?parent=1588"}],"wp:term":[{"taxonomy":"category","embeddable":true,"href":"https:\/\/us.edu.pl\/instytut\/ipo\/wp-json\/wp\/v2\/categories?post=1588"},{"taxonomy":"post_tag","embeddable":true,"href":"https:\/\/us.edu.pl\/instytut\/ipo\/wp-json\/wp\/v2\/tags?post=1588"}],"curies":[{"name":"wp","href":"https:\/\/api.w.org\/{rel}","templated":true}]}}