{"id":1599,"date":"2025-09-02T07:00:35","date_gmt":"2025-09-02T05:00:35","guid":{"rendered":"https:\/\/us.edu.pl\/instytut\/ipo\/?p=1599"},"modified":"2025-09-02T08:43:12","modified_gmt":"2025-09-02T06:43:12","slug":"prof-milosz-piotrowiak-wspolautorem-monografii-osiem-nokturnow-interpretacje","status":"publish","type":"post","link":"https:\/\/us.edu.pl\/instytut\/ipo\/2025\/09\/02\/prof-milosz-piotrowiak-wspolautorem-monografii-osiem-nokturnow-interpretacje\/","title":{"rendered":"Prof. Mi\u0142osz Piotrowiak wsp\u00f3\u0142autorem monografii \u201eOsiem nokturn\u00f3w. Interpretacje\u201d"},"content":{"rendered":"<p>[vc_row][vc_column width=&#8221;2\/3&#8243;]\r\n                <div class=\"text-modules\">\r\n                    <div class=\"container\">\r\n                        \r\n                        <div class=\"text-modules__content\"><p><span style=\"font-size: 12pt;\">Mi\u0142o nam poinformowa\u0107, \u017ce ukaza\u0142a si\u0119 nowa monografia <a href=\"https:\/\/us.edu.pl\/instytut\/ipo\/pracownicy\/milosz-piotrowiak\/\" target=\"_blank\" rel=\"noopener noreferrer\">dr. hab. Mi\u0142osza Piotrowiaka, prof. U\u015a<\/a> oraz dr. hab. Jana Piotrowiaka, prof. U\u015a (zm. 13.07.2023) zatytu\u0142owana <a href=\"https:\/\/monograph.us.edu.pl\/index.php\/wydawnictwo\/catalog\/book\/PN.4285\" target=\"_blank\" rel=\"noopener noreferrer\">\u201e<em>Osiem nokturn\u00f3w\u201d. Interpretacje<\/em><\/a>. Ksi\u0105\u017cka zosta\u0142a wydana przez Wydawnictwo Naukowe Uniwersytetu \u015al\u0105skiego.<\/span><\/p>\n<p><span style=\"font-size: 12pt;\">Ksi\u0105\u017cka \u201e<em>Osiem nokturn\u00f3w\u201d. Interpretacje <\/em>stanowi pr\u00f3b\u0119 ca\u0142o\u015bciowego rozpatrzenia cyklu poetyckiego W\u0142adys\u0142awa Seby\u0142y. Autorzy skupiaj\u0105 si\u0119 na analizie i interpretacji ka\u017cdego z o\u015bmiu nokturnowych tekst\u00f3w, by ws\u0142ucha\u0107 si\u0119 w t\u0105 ciemn\u0105 i tajemnicz\u0105 melodi\u0119 wydobywaj\u0105c\u0105 si\u0119 z ca\u0142ego cyklu. Ich g\u0142osy raz zestrajaj\u0105 si\u0119, by potem oddzieli\u0107 si\u0119 w solowych egzegezach pisarskich i na nowo m\u00f3wi\u0107 wsp\u00f3lnym g\u0142osem. Przez ca\u0142y czas tej tekstowej ekskursji badacze pr\u00f3buj\u0105 my\u015ble\u0107 o ca\u0142o\u015bci poetyckiego tomu. Obracaj\u0105 oni hermeneutyczne ko\u0142o tekstu tak, by ka\u017cdy liryczny utw\u00f3r jako mikromodel wszechog\u00f3\u0142u, podlega\u0142 ogl\u0105dowi w swej osobno\u015bci i przynale\u017cno\u015bci do ca\u0142ego cyklu. Szczeg\u00f3lnie te utwory W\u0142adys\u0142awa Seby\u0142y nale\u017c\u0105 do najbardziej \u201eciemnych\u201d i skrz\u0119tnie ukrywaj\u0105cych sw\u00f3j interpretacyjny wyg\u0142os. Dlatego badawcze teksty z\u0142o\u017cone w tomie stanowi\u0105 odpowied\u017a naukowego dyskursu na t\u0119 spl\u0105tan\u0105 poetyck\u0105 melodi\u0119, w kt\u00f3rej niekoniecznie liczy si\u0119 to, co widoczne, ods\u0142oni\u0119te i jawne.<\/span><\/p>\n<\/div>\r\n                    <\/div>\r\n                <\/div>[\/vc_column][vc_column width=&#8221;1\/3&#8243;]\r\n                <div class=\"text-modules\">\r\n                    <div class=\"container\">\r\n                        \r\n                        <div class=\"text-modules__content\"><p><img class=\"alignnone wp-image-1600 size-full\" src=\"http:\/\/us.edu.pl\/instytut\/ipo\/wp-content\/uploads\/sites\/74\/Bez-kategorii\/osiem-nokturnow.jpg\" alt=\"napis osiem nokturn\u00f3w interpretacje szara ok\u0142adka z niebieskim i \u017c\u00f3\u0142tym akcentem\" width=\"326\" height=\"466\" srcset=\"https:\/\/us.edu.pl\/instytut\/ipo\/wp-content\/uploads\/sites\/74\/Bez-kategorii\/osiem-nokturnow.jpg 326w, https:\/\/us.edu.pl\/instytut\/ipo\/wp-content\/uploads\/sites\/74\/Bez-kategorii\/osiem-nokturnow-210x300.jpg 210w\" sizes=\"(max-width: 326px) 100vw, 326px\" \/><\/p>\n<\/div>\r\n                    <\/div>\r\n                <\/div>[\/vc_column][\/vc_row]<\/p>","protected":false},"excerpt":{"rendered":"<p>[vc_row][vc_column width=&#8221;2\/3&#8243;][\/vc_column][vc_column width=&#8221;1\/3&#8243;][\/vc_column][\/vc_row] [&#8230;]<\/p>\n<p><a class=\"btn btn-secondary understrap-read-more-link\" href=\"https:\/\/us.edu.pl\/instytut\/ipo\/2025\/09\/02\/prof-milosz-piotrowiak-wspolautorem-monografii-osiem-nokturnow-interpretacje\/\">Read More&#8230;<\/a><\/p>\n","protected":false},"author":2113,"featured_media":1602,"comment_status":"closed","ping_status":"open","sticky":false,"template":"","format":"standard","meta":{"_expiration-date-status":"","_expiration-date":0,"_expiration-date-type":"","_expiration-date-categories":[],"_expiration-date-options":[]},"categories":[5],"tags":[36],"acf":[],"_links":{"self":[{"href":"https:\/\/us.edu.pl\/instytut\/ipo\/wp-json\/wp\/v2\/posts\/1599"}],"collection":[{"href":"https:\/\/us.edu.pl\/instytut\/ipo\/wp-json\/wp\/v2\/posts"}],"about":[{"href":"https:\/\/us.edu.pl\/instytut\/ipo\/wp-json\/wp\/v2\/types\/post"}],"author":[{"embeddable":true,"href":"https:\/\/us.edu.pl\/instytut\/ipo\/wp-json\/wp\/v2\/users\/2113"}],"replies":[{"embeddable":true,"href":"https:\/\/us.edu.pl\/instytut\/ipo\/wp-json\/wp\/v2\/comments?post=1599"}],"version-history":[{"count":1,"href":"https:\/\/us.edu.pl\/instytut\/ipo\/wp-json\/wp\/v2\/posts\/1599\/revisions"}],"predecessor-version":[{"id":1601,"href":"https:\/\/us.edu.pl\/instytut\/ipo\/wp-json\/wp\/v2\/posts\/1599\/revisions\/1601"}],"wp:featuredmedia":[{"embeddable":true,"href":"https:\/\/us.edu.pl\/instytut\/ipo\/wp-json\/wp\/v2\/media\/1602"}],"wp:attachment":[{"href":"https:\/\/us.edu.pl\/instytut\/ipo\/wp-json\/wp\/v2\/media?parent=1599"}],"wp:term":[{"taxonomy":"category","embeddable":true,"href":"https:\/\/us.edu.pl\/instytut\/ipo\/wp-json\/wp\/v2\/categories?post=1599"},{"taxonomy":"post_tag","embeddable":true,"href":"https:\/\/us.edu.pl\/instytut\/ipo\/wp-json\/wp\/v2\/tags?post=1599"}],"curies":[{"name":"wp","href":"https:\/\/api.w.org\/{rel}","templated":true}]}}