{"id":1609,"date":"2025-09-04T11:46:03","date_gmt":"2025-09-04T09:46:03","guid":{"rendered":"https:\/\/us.edu.pl\/instytut\/ipo\/?p=1609"},"modified":"2025-09-04T11:46:57","modified_gmt":"2025-09-04T09:46:57","slug":"ulotne-zmowy-o-poezji-boguslawy-latawiec-nowa-monografia-prof-joanny-dembinskiej-pawelec","status":"publish","type":"post","link":"https:\/\/us.edu.pl\/instytut\/ipo\/2025\/09\/04\/ulotne-zmowy-o-poezji-boguslawy-latawiec-nowa-monografia-prof-joanny-dembinskiej-pawelec\/","title":{"rendered":"&#8221;Ulotne zmowy. O poezji Bogus\u0142awy Latawiec&#8221;: nowa monografia prof. Joanny Dembi\u0144skiej-Pawelec"},"content":{"rendered":"<p>[vc_row][vc_column width=&#8221;2\/3&#8243;]\r\n                <div class=\"text-modules\">\r\n                    <div class=\"container\">\r\n                        \r\n                        <div class=\"text-modules__content\"><p><span style=\"font-size: 12pt;\">Wydawnictwo Uniwersytetu \u015al\u0105skiego opublikowa\u0142o now\u0105 monografi\u0119 <a href=\"https:\/\/us.edu.pl\/instytut\/ipo\/pracownicy\/joanna-dembinska-pawelec\/\" target=\"_blank\" rel=\"noopener noreferrer\">prof. dr hab. Joanny Dembi\u0144skiej-Pawelec<\/a>, pracownicy Instytutu Polonistyki, zatytu\u0142owan\u0105 <a href=\"https:\/\/monograph.us.edu.pl\/index.php\/wydawnictwo\/catalog\/book\/PN.4281\" target=\"_blank\" rel=\"noopener noreferrer\">\u201eUlotne zmowy. O poezji Bogus\u0142awy Latawiec\u201d<\/a>.<\/span><\/p>\n<p><span style=\"font-size: 12pt;\">Ksi\u0105\u017cka prezentuje liryczn\u0105 tw\u00f3rczo\u015b\u0107 zmar\u0142ej w 2021 roku pozna\u0144skiej poetki, autorki dwunastu tomik\u00f3w poezji. Szerszej publiczno\u015bci Bogus\u0142awa Latawiec znana by\u0142a przede wszystkim jako autorka ksi\u0105\u017cek prozatorskich. Joanna Dembi\u0144ska-Pawelec kieruje uwag\u0119 na poezj\u0119 Latawiec, ods\u0142ania kobiec\u0105 stron\u0119 jej liryki, ponadto lokuje j\u0105 na przeci\u0119ciu tradycji awangardowych z Bloomowsko ukszta\u0142towan\u0105 fascynacj\u0105 liryk\u0105 opisow\u0105 Adama Mickiewicza i Boles\u0142awa Le\u015bmiana. Ten splot nowoczesno\u015bci i romantycznej imaginacji prowadzi do nieoczekiwanych efekt\u00f3w poetyckich, ulotnych spotka\u0144 na granicy realno\u015bci i wyobra\u017ani, pami\u0119ci, sn\u00f3w, metafizyki.<\/span><\/p>\n<hr \/>\n<div>\n<p><span style=\"font-size: 12pt;\">Dembi\u0144ska-Pawelec w interpretacyjnym instrumentarium po\u0142\u0105czy\u0142a arachnologi\u0119 z filozofi\u0105 krz\u0105tactwa Jolanty Brach-Czainy \u2013 dzi\u0119ki temu wydoby\u0142a z poezji Bogus\u0142awy Latawiec jej cech\u0119 bardzo istotn\u0105, a wcze\u015bniej chyba nie dostrze\u017con\u0105 przez badaczy: powi\u0105zanie sztuki pisania z prymarnym do\u015bwiadczaniem codzienno\u015bci. [&#8230;] Autorka nakre\u015bli\u0142a tu poruszaj\u0105c\u0105 koncepcj\u0119 poezji, kt\u00f3ra pochyla si\u0119 nad \u017cyciem codziennym z jego b\u0142ahostkami, ulotno\u015bci\u0105, zwyczajno\u015bci\u0105, dotykaj\u0105c spraw fundamentalnych i najwa\u017cniejszych: mi\u0142o\u015bci i \u015bmierci. [&#8230;] Umiej\u0119tno\u015b\u0107 przej\u015bcia od interpretacji utworu poetyckiego do wniosk\u00f3w og\u00f3lnej natury, po\u0142\u0105czenia pracy blisko tekstu z refleksj\u0105 dotycz\u0105c\u0105 ca\u0142ej tw\u00f3rczo\u015bci poetki decyduje o niepodwa\u017calnej naukowej warto\u015bci tej ksi\u0105\u017cki, doskona\u0142ej pod wzgl\u0119dem merytorycznym i budz\u0105cej podziw kunsztem badawczego warsztatu.<\/span><\/p>\n<p><span style=\"font-size: 12pt;\"><em>Z recenzji wydawniczej dr hab. Agnieszki Kwiatkowskiej, prof. UAM<\/em><\/span><\/p>\n<\/div>\n<div>\n<hr \/>\n<\/div>\n<div>\n<p><span style=\"font-size: 12pt;\">Ksi\u0105\u017cka Joanny Dembi\u0144skiej-Pawelec jest doskona\u0142ym przyk\u0142adem po\u0142\u0105czenia imponuj\u0105cego warsztatu naukowego, dociekliwo\u015bci literaturoznawczej, pasji krytycznej oraz komunikacyjnej sprawno\u015bci [&#8230;]. Autorka poszerzy\u0142a znane i wytyczy\u0142a nowe \u015bcie\u017cki interpretacji poezji Bogus\u0142awy Latawiec, odnalaz\u0142a oryginalne \u015bwiat\u0142a i konteksty jej tw\u00f3rczo\u015bci, skomponowa\u0142a sugestywny pejza\u017c hermeneutyczny, g\u0142\u0119boko nasycony nie tylko refleksj\u0105 badawcz\u0105, lecz tak\u017ce sam\u0105 poezj\u0105 [&#8230;] stworzy\u0142a nowatorski, bardzo przekonuj\u0105cy model rozumienia analizowanej poezji, w jej niezwyk\u0142ym powi\u0105zaniu, czy mo\u017ce raczej \u2013 by sparafrazowa\u0107 tytu\u0142 rozprawy \u2013 w zmowie z r\u00f3\u017cnymi aspektami rzeczywisto\u015bci materialnej i niematerialnej, a tak\u017ce nierzeczywisto\u015bci sennej czy wyobra\u017ceniowej. Wynikaj\u0105ce z tego modelu literaturoznawcze rekonstrukcje s\u0105 oryginalne, odwa\u017cne, wynalazcze.<\/span><\/p>\n<p><span style=\"font-size: 12pt;\"><em>Z recenzji wydawniczej dr. hab. Piotra \u0141uszczykiewicza, prof. UAM<\/em><\/span><\/p>\n<\/div>\n<p>\n<\/div>\r\n                    <\/div>\r\n                <\/div>[\/vc_column][vc_column width=&#8221;1\/3&#8243;]\r\n                <div class=\"text-modules\">\r\n                    <div class=\"container\">\r\n                        \r\n                        <div class=\"text-modules__content\"><p><img class=\"alignnone wp-image-1610\" src=\"http:\/\/us.edu.pl\/instytut\/ipo\/wp-content\/uploads\/sites\/74\/Bez-kategorii\/ulotne-zmowy-215x300.jpg\" alt=\"ok\u0142adka zielona z rysunkiem drzewa\" width=\"350\" height=\"488\" srcset=\"https:\/\/us.edu.pl\/instytut\/ipo\/wp-content\/uploads\/sites\/74\/Bez-kategorii\/ulotne-zmowy-215x300.jpg 215w, https:\/\/us.edu.pl\/instytut\/ipo\/wp-content\/uploads\/sites\/74\/Bez-kategorii\/ulotne-zmowy-734x1024.jpg 734w, https:\/\/us.edu.pl\/instytut\/ipo\/wp-content\/uploads\/sites\/74\/Bez-kategorii\/ulotne-zmowy-768x1071.jpg 768w, https:\/\/us.edu.pl\/instytut\/ipo\/wp-content\/uploads\/sites\/74\/Bez-kategorii\/ulotne-zmowy-1101x1536.jpg 1101w, https:\/\/us.edu.pl\/instytut\/ipo\/wp-content\/uploads\/sites\/74\/Bez-kategorii\/ulotne-zmowy-1469x2048.jpg 1469w, https:\/\/us.edu.pl\/instytut\/ipo\/wp-content\/uploads\/sites\/74\/Bez-kategorii\/ulotne-zmowy-412x575.jpg 412w, https:\/\/us.edu.pl\/instytut\/ipo\/wp-content\/uploads\/sites\/74\/Bez-kategorii\/ulotne-zmowy.jpg 1736w\" sizes=\"(max-width: 350px) 100vw, 350px\" \/><\/p>\n<\/div>\r\n                    <\/div>\r\n                <\/div>[\/vc_column][\/vc_row]<\/p>","protected":false},"excerpt":{"rendered":"<p>[vc_row][vc_column width=&#8221;2\/3&#8243;][\/vc_column][vc_column width=&#8221;1\/3&#8243;][\/vc_column][\/vc_row] [&#8230;]<\/p>\n<p><a class=\"btn btn-secondary understrap-read-more-link\" href=\"https:\/\/us.edu.pl\/instytut\/ipo\/2025\/09\/04\/ulotne-zmowy-o-poezji-boguslawy-latawiec-nowa-monografia-prof-joanny-dembinskiej-pawelec\/\">Read More&#8230;<\/a><\/p>\n","protected":false},"author":2113,"featured_media":1611,"comment_status":"closed","ping_status":"open","sticky":false,"template":"","format":"standard","meta":{"_expiration-date-status":"","_expiration-date":0,"_expiration-date-type":"","_expiration-date-categories":[],"_expiration-date-options":[]},"categories":[5],"tags":[36],"acf":[],"_links":{"self":[{"href":"https:\/\/us.edu.pl\/instytut\/ipo\/wp-json\/wp\/v2\/posts\/1609"}],"collection":[{"href":"https:\/\/us.edu.pl\/instytut\/ipo\/wp-json\/wp\/v2\/posts"}],"about":[{"href":"https:\/\/us.edu.pl\/instytut\/ipo\/wp-json\/wp\/v2\/types\/post"}],"author":[{"embeddable":true,"href":"https:\/\/us.edu.pl\/instytut\/ipo\/wp-json\/wp\/v2\/users\/2113"}],"replies":[{"embeddable":true,"href":"https:\/\/us.edu.pl\/instytut\/ipo\/wp-json\/wp\/v2\/comments?post=1609"}],"version-history":[{"count":1,"href":"https:\/\/us.edu.pl\/instytut\/ipo\/wp-json\/wp\/v2\/posts\/1609\/revisions"}],"predecessor-version":[{"id":1612,"href":"https:\/\/us.edu.pl\/instytut\/ipo\/wp-json\/wp\/v2\/posts\/1609\/revisions\/1612"}],"wp:featuredmedia":[{"embeddable":true,"href":"https:\/\/us.edu.pl\/instytut\/ipo\/wp-json\/wp\/v2\/media\/1611"}],"wp:attachment":[{"href":"https:\/\/us.edu.pl\/instytut\/ipo\/wp-json\/wp\/v2\/media?parent=1609"}],"wp:term":[{"taxonomy":"category","embeddable":true,"href":"https:\/\/us.edu.pl\/instytut\/ipo\/wp-json\/wp\/v2\/categories?post=1609"},{"taxonomy":"post_tag","embeddable":true,"href":"https:\/\/us.edu.pl\/instytut\/ipo\/wp-json\/wp\/v2\/tags?post=1609"}],"curies":[{"name":"wp","href":"https:\/\/api.w.org\/{rel}","templated":true}]}}