{"id":1617,"date":"2025-09-22T10:11:32","date_gmt":"2025-09-22T08:11:32","guid":{"rendered":"https:\/\/us.edu.pl\/instytut\/ipo\/?p=1617"},"modified":"2025-09-22T10:12:45","modified_gmt":"2025-09-22T08:12:45","slug":"slaska-biblioteka-poetycka","status":"publish","type":"post","link":"https:\/\/us.edu.pl\/instytut\/ipo\/2025\/09\/22\/slaska-biblioteka-poetycka\/","title":{"rendered":"\u015al\u0105ska Biblioteka Poetycka wsp\u00f3\u0142redagowana przez prof. Mariana Kisiela"},"content":{"rendered":"<p>[vc_row][vc_column width=&#8221;2\/3&#8243;]\r\n                <div class=\"text-modules\">\r\n                    <div class=\"container\">\r\n                        \r\n                        <div class=\"text-modules__content\"><p><span style=\"font-size: 12pt;\">Nak\u0142adem G\u00f3rno\u015bl\u0105skiego Towarzystwa Literackiego oraz Wydawnictwa Naukowego \u201e\u015al\u0105sk\u201d zainicjowana zosta\u0142a \u015al\u0105ska Biblioteka Poetycka pod redakcj\u0105 <a href=\"https:\/\/us.edu.pl\/instytut\/ipo\/pracownicy\/marian-kisiel\/\">prof. Mariana Kisiela<\/a> oraz dr. Dariusza Pohla.<\/span><\/p>\n<p><span style=\"font-size: 12pt;\">W serii wsp\u00f3\u0142finansowanej przez Urz\u0105d Marsza\u0142kowski Wojew\u00f3dztwa \u015al\u0105skiego w roku 2025 uka\u017c\u0105 si\u0119 trzy tomy: Wilhelma Szewczyka, Stanis\u0142awa Krawczyka i Feliksa Netza. Ka\u017cdy zbi\u00f3r zosta\u0142 opracowany i opatrzony wst\u0119pem przez pracownik\u00f3w naukowych Instytutu Polonistyki.<\/span><\/p>\n<p><span style=\"font-size: 12pt;\">W roku 2026 zaplanowano edycj\u0119 wybor\u00f3w poetyckich m.in. Genowefy Jakubowskiej-Fija\u0142kowskiej, Tadeusza Kijonki, Katarzyny M\u0142ynarczyk i Tadeusza S\u0142awka.<\/span><\/p>\n<ul>\n<li><span style=\"font-size: 12pt;\"><strong>Wilhelm Szewczyk:\u00a0<em>Poezje wybrane<\/em>. Wyb\u00f3r i oprac. Gra\u017cyna Barbara Szewczyk. Wst\u0119p Marian Kisiel. Katowice 2025.<\/strong><\/span><\/li>\n<li><span style=\"font-size: 12pt;\"><strong>Stanis\u0142aw Krawczyk:\u00a0<em>Poezje wybrane<\/em>. Wyb\u00f3r i oprac. Marian Kisiel i Pawe\u0142 Majerski. Wst\u0119p Marian Kisiel. Katowice 2025.<\/strong><\/span><\/li>\n<li><span style=\"font-size: 12pt;\"><strong>Feliks Netz:\u00a0<em>Poezje wybrane<\/em>. Wyb\u00f3r Autora. Wst\u0119p Joanna Kisiel. Katowice 2025.<\/strong><\/span><\/li>\n<\/ul>\n<p>\n<\/div>\r\n                    <\/div>\r\n                <\/div>[\/vc_column][vc_column width=&#8221;1\/3&#8243;]\r\n                <div class=\"text-modules\">\r\n                    <div class=\"container\">\r\n                        \r\n                        <div class=\"text-modules__content\"><p><a href=\"http:\/\/us.edu.pl\/instytut\/ipo\/wp-content\/uploads\/sites\/74\/Bez-kategorii\/Projekt-bez-nazwy38.png\"><img class=\"alignnone wp-image-1624 size-large\" src=\"http:\/\/us.edu.pl\/instytut\/ipo\/wp-content\/uploads\/sites\/74\/Bez-kategorii\/Projekt-bez-nazwy38-1024x576.png\" alt=\"\" width=\"640\" height=\"360\" srcset=\"https:\/\/us.edu.pl\/instytut\/ipo\/wp-content\/uploads\/sites\/74\/Bez-kategorii\/Projekt-bez-nazwy38-1024x576.png 1024w, https:\/\/us.edu.pl\/instytut\/ipo\/wp-content\/uploads\/sites\/74\/Bez-kategorii\/Projekt-bez-nazwy38-300x169.png 300w, https:\/\/us.edu.pl\/instytut\/ipo\/wp-content\/uploads\/sites\/74\/Bez-kategorii\/Projekt-bez-nazwy38-768x432.png 768w, https:\/\/us.edu.pl\/instytut\/ipo\/wp-content\/uploads\/sites\/74\/Bez-kategorii\/Projekt-bez-nazwy38-575x323.png 575w, https:\/\/us.edu.pl\/instytut\/ipo\/wp-content\/uploads\/sites\/74\/Bez-kategorii\/Projekt-bez-nazwy38.png 1366w\" sizes=\"(max-width: 640px) 100vw, 640px\" \/><\/a><\/p>\n<\/div>\r\n                    <\/div>\r\n                <\/div>[\/vc_column][\/vc_row]<\/p>","protected":false},"excerpt":{"rendered":"<p>[vc_row][vc_column width=&#8221;2\/3&#8243;][\/vc_column][vc_column width=&#8221;1\/3&#8243;][\/vc_column][\/vc_row] [&#8230;]<\/p>\n<p><a class=\"btn btn-secondary understrap-read-more-link\" href=\"https:\/\/us.edu.pl\/instytut\/ipo\/2025\/09\/22\/slaska-biblioteka-poetycka\/\">Read More&#8230;<\/a><\/p>\n","protected":false},"author":2113,"featured_media":1624,"comment_status":"closed","ping_status":"open","sticky":false,"template":"","format":"standard","meta":{"_expiration-date-status":"","_expiration-date":0,"_expiration-date-type":"","_expiration-date-categories":[],"_expiration-date-options":[]},"categories":[5],"tags":[36],"acf":[],"_links":{"self":[{"href":"https:\/\/us.edu.pl\/instytut\/ipo\/wp-json\/wp\/v2\/posts\/1617"}],"collection":[{"href":"https:\/\/us.edu.pl\/instytut\/ipo\/wp-json\/wp\/v2\/posts"}],"about":[{"href":"https:\/\/us.edu.pl\/instytut\/ipo\/wp-json\/wp\/v2\/types\/post"}],"author":[{"embeddable":true,"href":"https:\/\/us.edu.pl\/instytut\/ipo\/wp-json\/wp\/v2\/users\/2113"}],"replies":[{"embeddable":true,"href":"https:\/\/us.edu.pl\/instytut\/ipo\/wp-json\/wp\/v2\/comments?post=1617"}],"version-history":[{"count":8,"href":"https:\/\/us.edu.pl\/instytut\/ipo\/wp-json\/wp\/v2\/posts\/1617\/revisions"}],"predecessor-version":[{"id":1628,"href":"https:\/\/us.edu.pl\/instytut\/ipo\/wp-json\/wp\/v2\/posts\/1617\/revisions\/1628"}],"wp:featuredmedia":[{"embeddable":true,"href":"https:\/\/us.edu.pl\/instytut\/ipo\/wp-json\/wp\/v2\/media\/1624"}],"wp:attachment":[{"href":"https:\/\/us.edu.pl\/instytut\/ipo\/wp-json\/wp\/v2\/media?parent=1617"}],"wp:term":[{"taxonomy":"category","embeddable":true,"href":"https:\/\/us.edu.pl\/instytut\/ipo\/wp-json\/wp\/v2\/categories?post=1617"},{"taxonomy":"post_tag","embeddable":true,"href":"https:\/\/us.edu.pl\/instytut\/ipo\/wp-json\/wp\/v2\/tags?post=1617"}],"curies":[{"name":"wp","href":"https:\/\/api.w.org\/{rel}","templated":true}]}}